{"id":13250,"date":"2025-06-16T17:53:34","date_gmt":"2025-06-16T15:53:34","guid":{"rendered":"https:\/\/catholiques17.fr\/pontlabbesaintporchaire\/?p=13250"},"modified":"2025-06-16T17:55:14","modified_gmt":"2025-06-16T15:55:14","slug":"eveil-a-la-foi-2025-2026","status":"publish","type":"post","link":"https:\/\/catholiques17.fr\/pontlabbesaintporchaire\/2025\/06\/16\/eveil-a-la-foi-2025-2026\/","title":{"rendered":"Eveil \u00e0 la foi 2025-2026"},"content":{"rendered":"\n<div style=\"height:100px\" aria-hidden=\"true\" class=\"wp-block-spacer\"><\/div>\n\n\n\n<p>L&rsquo;\u00e9veil \u00e0 la foi, un lieu de f\u00eate et de joie, de partage et de vie ! Pour apprendre \u00e0 conna\u00eetre J\u00e9sus, prier et chanter avec d&rsquo;autres enfants.<\/p>\n\n\n\n<p>4 dates de rencontres \u00e0 noter dans vos agendas !<\/p>\n\n\n\n<p>Venez nombreux !<\/p>\n","protected":false},"excerpt":{"rendered":"<p>L&rsquo;\u00e9veil \u00e0 la foi, un lieu de f\u00eate et de joie, de partage et de vie ! Pour apprendre \u00e0 conna\u00eetre J\u00e9sus, prier et chanter avec d&rsquo;autres enfants. 4 dates [&hellip;]<\/p>\n","protected":false},"author":63,"featured_media":13254,"comment_status":"open","ping_status":"open","sticky":false,"template":"","format":"standard","meta":{"_et_pb_use_builder":"off","_et_pb_old_content":"","_et_gb_content_width":"","footnotes":""},"categories":[6,24,44,37,33],"tags":[],"class_list":["post-13250","post","type-post","status-publish","format-standard","has-post-thumbnail","hentry","category-actualite","category-annonces","category-convivialite","category-enfants","category-paroisse"],"_links":{"self":[{"href":"https:\/\/catholiques17.fr\/pontlabbesaintporchaire\/wp-json\/wp\/v2\/posts\/13250","targetHints":{"allow":["GET"]}}],"collection":[{"href":"https:\/\/catholiques17.fr\/pontlabbesaintporchaire\/wp-json\/wp\/v2\/posts"}],"about":[{"href":"https:\/\/catholiques17.fr\/pontlabbesaintporchaire\/wp-json\/wp\/v2\/types\/post"}],"author":[{"embeddable":true,"href":"https:\/\/catholiques17.fr\/pontlabbesaintporchaire\/wp-json\/wp\/v2\/users\/63"}],"replies":[{"embeddable":true,"href":"https:\/\/catholiques17.fr\/pontlabbesaintporchaire\/wp-json\/wp\/v2\/comments?post=13250"}],"version-history":[{"count":1,"href":"https:\/\/catholiques17.fr\/pontlabbesaintporchaire\/wp-json\/wp\/v2\/posts\/13250\/revisions"}],"predecessor-version":[{"id":13252,"href":"https:\/\/catholiques17.fr\/pontlabbesaintporchaire\/wp-json\/wp\/v2\/posts\/13250\/revisions\/13252"}],"wp:featuredmedia":[{"embeddable":true,"href":"https:\/\/catholiques17.fr\/pontlabbesaintporchaire\/wp-json\/wp\/v2\/media\/13254"}],"wp:attachment":[{"href":"https:\/\/catholiques17.fr\/pontlabbesaintporchaire\/wp-json\/wp\/v2\/media?parent=13250"}],"wp:term":[{"taxonomy":"category","embeddable":true,"href":"https:\/\/catholiques17.fr\/pontlabbesaintporchaire\/wp-json\/wp\/v2\/categories?post=13250"},{"taxonomy":"post_tag","embeddable":true,"href":"https:\/\/catholiques17.fr\/pontlabbesaintporchaire\/wp-json\/wp\/v2\/tags?post=13250"}],"curies":[{"name":"wp","href":"https:\/\/api.w.org\/{rel}","templated":true}]}}