{"id":13226,"date":"2025-06-11T10:39:37","date_gmt":"2025-06-11T08:39:37","guid":{"rendered":"https:\/\/catholiques17.fr\/pontlabbesaintporchaire\/?p=13226"},"modified":"2025-06-11T10:40:38","modified_gmt":"2025-06-11T08:40:38","slug":"neuvaine-pour-gerard-futur-diacre-du-12-au-20-juin-2025","status":"publish","type":"post","link":"https:\/\/catholiques17.fr\/pontlabbesaintporchaire\/2025\/06\/11\/neuvaine-pour-gerard-futur-diacre-du-12-au-20-juin-2025\/","title":{"rendered":"Neuvaine pour G\u00e9rard, futur diacre \u2013 du 12 au 20 juin 2025 &#8211; \u00ab Qu\u2019il soit un serviteur selon le C\u0153ur de Dieu \u00bb"},"content":{"rendered":"\n<div style=\"height:100px\" aria-hidden=\"true\" class=\"wp-block-spacer\"><\/div>\n\n\n\n<p><\/p>\n\n\n\n<p>Chaque jour :<\/p>\n\n\n\n<p>&#8211; Signe de croix<\/p>\n\n\n\n<p>&#8211; Pri\u00e8re d\u2019ouverture (ci-dessous)<\/p>\n\n\n\n<p>&#8211; M\u00e9ditation biblique et enseignements de l\u2019\u00c9glise<\/p>\n\n\n\n<p>&#8211; Intentions de pri\u00e8re<\/p>\n\n\n\n<p>&#8211; Notre P\u00e8re, Je vous salue Marie, Gloire au P\u00e8re<\/p>\n\n\n\n<p>&#8211; Pri\u00e8re finale \u00e0 Marie<\/p>\n\n\n\n<p>Pri\u00e8re d\u2019ouverture <em>(\u00e0 dire chaque jour)<\/em><\/p>\n\n\n\n<p>\u00ab Seigneur J\u00e9sus, Toi qui as appel\u00e9 tes disciples \u00e0 Te suivre dans l\u2019humilit\u00e9 et le service, nous Te confions G\u00e9rard, qui s\u2019appr\u00eate \u00e0 recevoir l\u2019ordination diaconale. Donne-lui un c\u0153ur br\u00fblant d\u2019amour pour ton \u00c9glise, une fid\u00e9lit\u00e9 sans faille \u00e0 l\u2019\u00c9vangile, et un esprit de sacrifice \u00e0 l\u2019image de Ton C\u0153ur transperc\u00e9. Par l\u2019intercession de la Vierge Marie et des saints diacres, fais de lui un v\u00e9ritable serviteur des pauvres, un h\u00e9raut de Ta Parole, et un futur pr\u00eatre selon Ton C\u0153ur. Amen. \u00bb<\/p>\n\n\n\n<p><strong>Jour 1 \u2013 Mercredi 12 juin : \u00ab Comme le Fils de l\u2019homme est venu pour servir \u00bb (Mt 20,28)<\/strong><\/p>\n\n\n\n<p>M\u00e9ditation :<\/p>\n\n\n\n<p>J\u00e9sus a donn\u00e9 Sa vie en ran\u00e7on pour la multitude. Le diacre, configur\u00e9 au Christ serviteur, est appel\u00e9 \u00e0 se donner sans compter. Saint Augustin disait : \u00ab Pour vous, je suis \u00e9v\u00eaque ; avec vous, je suis chr\u00e9tien. \u00bb G\u00e9rard, en devenant diacre, entre dans cette logique du don total.<\/p>\n\n\n\n<p>Intentions :<\/p>\n\n\n\n<p>&#8211; Pour que G\u00e9rard comprenne toujours plus la grandeur du service divin.<\/p>\n\n\n\n<p>&#8211; Pour que les jeunes de notre dioc\u00e8se osent r\u00e9pondre \u00e0 l\u2019appel du Seigneur.<\/p>\n\n\n\n<p>Pri\u00e8re finale :<\/p>\n\n\n\n<p>\u00ab Marie, Toi qui as servi \u00c9lisabeth avec empressement, apprends-nous \u00e0 aimer servir comme Toi. Amen. \u00bb<\/p>\n\n\n\n<p><strong>Jour 2 \u2013 Jeudi 13 juin : \u00ab Ils choisirent sept hommes remplis de l\u2019Esprit Saint \u00bb (Ac 6,3)<\/strong><\/p>\n\n\n\n<p>M\u00e9ditation :<\/p>\n\n\n\n<p>Les premiers diacres furent ordonn\u00e9s pour le service des tables, mais aussi pour la pri\u00e8re et l\u2019annonce de la Parole. Le pape Beno\u00eet XVI disait : \u00ab Le diacre n\u2019est pas un simple collaborateur, mais un t\u00e9moin de la Charit\u00e9 du Christ. \u00bb Prions pour que G\u00e9rard soit rempli de l\u2019Esprit Saint comme saint \u00c9tienne.<\/p>\n\n\n\n<p>Intentions :<\/p>\n\n\n\n<p>&#8211; Pour que G\u00e9rard soit un homme de pri\u00e8re et d\u2019action.<\/p>\n\n\n\n<p>&#8211; Pour les \u0153uvres caritatives de notre paroisse.<\/p>\n\n\n\n<p>&#8211; Pour que les familles encouragent les vocations.<\/p>\n\n\n\n<p>Pri\u00e8re finale :<\/p>\n\n\n\n<p>\u00ab Esprit-Saint, fais de G\u00e9rard un instrument de Ta charit\u00e9. Amen. \u00bb<\/p>\n\n\n\n<p><strong>Jour 3 \u2013 Vendredi 14 juin : \u00ab Ma gr\u00e2ce te suffit \u00bb (2 Co 12,9)<\/strong><\/p>\n\n\n\n<p>M\u00e9ditation :<\/p>\n\n\n\n<p>Dieu ne choisit pas les parfaits, mais ceux qui s\u2019abandonnent \u00e0 Lui. Saint Laurent, diacre et martyr, a ri face \u00e0 ses bourreaux car il savait que le Christ \u00e9tait sa force. G\u00e9rard, malgr\u00e9 ses limites, est appel\u00e9 \u00e0 une saintet\u00e9 audacieuse.<\/p>\n\n\n\n<p>Intentions :<\/p>\n\n\n\n<p>&#8211; Pour que G\u00e9rard trouve sa force dans le Seigneur.<\/p>\n\n\n\n<p>&#8211; Pour les s\u00e9minaristes de notre dioc\u00e8se.<\/p>\n\n\n\n<p>&#8211; Pour que les pr\u00eatres soient des mod\u00e8les de saintet\u00e9.<\/p>\n\n\n\n<p>Pri\u00e8re finale :<\/p>\n\n\n\n<p>\u00ab Seigneur, que Ta gr\u00e2ce soit la force de G\u00e9rard. Amen. \u00bb<\/p>\n\n\n\n<p><strong>Jour 4 \u2013 Samedi 15 juin : \u00ab Heureux les mis\u00e9ricordieux \u00bb (Mt 5,7)<\/strong><\/p>\n\n\n\n<p>M\u00e9ditation :<\/p>\n\n\n\n<p>Le diacre est un visage de la mis\u00e9ricorde de Dieu. Saint Vincent de Paul, qui renouvela le diaconat en France, disait : \u00ab Aimer les pauvres, c\u2019est aimer Dieu. \u00bb Prions pour que G\u00e9rard porte toujours un regard de compassion.<\/p>\n\n\n\n<p>Intentions :<\/p>\n\n\n\n<p>&#8211; Pour que G\u00e9rard soit proche des plus fragiles.<\/p>\n\n\n\n<p>&#8211; Pour les personnes seules de notre paroisse.<\/p>\n\n\n\n<p>&#8211; Pour que l\u2019\u00c9glise soit toujours plus accueillante.<\/p>\n\n\n\n<p>Pri\u00e8re finale :<\/p>\n\n\n\n<p>\u00ab C\u0153ur de J\u00e9sus, enseigne-nous Ta mis\u00e9ricorde. Amen. \u00bb<\/p>\n\n\n\n<p><strong>Jour 5 \u2013 Dimanche 16 juin : \u00ab Allez, enseignez toutes les nations \u00bb (Mt 28,19)<\/strong><\/p>\n\n\n\n<p>M\u00e9ditation :<\/p>\n\n\n\n<p>Le diacre est envoy\u00e9 pour annoncer l\u2019\u00c9vangile. Saint Fran\u00e7ois-Xavier parcourut l\u2019Asie en disant : \u00ab Donnez-moi des \u00e2mes, prenez tout le reste ! \u00bb Que G\u00e9rard ait ce m\u00eame z\u00e8le missionnaire.<\/p>\n\n\n\n<p>Intentions :<\/p>\n\n\n\n<p>&#8211; Pour que G\u00e9rard annonce la foi avec joie.<\/p>\n\n\n\n<p>&#8211; Pour les missions de notre dioc\u00e8se.<\/p>\n\n\n\n<p>Pri\u00e8re finale :<\/p>\n\n\n\n<p>\u00ab Seigneur, fais de nous des t\u00e9moins de Ta lumi\u00e8re. Amen. \u00bb<\/p>\n\n\n\n<p><strong>Jour 6 \u2013 Lundi 17 juin : \u00ab Ce n\u2019est pas vous qui m\u2019avez choisi, mais Moi \u00bb (Jn 15,16)<\/strong><\/p>\n\n\n\n<p>M\u00e9ditation :<\/p>\n\n\n\n<p>Dieu appelle qui Il veut. Saint Matthieu, le publicain, est devenu ap\u00f4tre. G\u00e9rard, malgr\u00e9 ses faiblesses, est choisi par le Christ. Prions pour qu\u2019il r\u00e9ponde avec confiance.<\/p>\n\n\n\n<p>Intentions :<\/p>\n\n\n\n<p>&#8211; Pour que G\u00e9rard se sache aim\u00e9 du Christ.<\/p>\n\n\n\n<p>&#8211; Pour que les pr\u00eatres gardent la joie de leur appel.<\/p>\n\n\n\n<p>Pri\u00e8re finale :<\/p>\n\n\n\n<p>\u00ab J\u00e9sus, merci d\u2019appeler des p\u00e9cheurs comme nous. Amen. \u00bb<\/p>\n\n\n\n<p><strong>Jour 7 \u2013 Mardi 18 juin : \u00ab Je suis la servante du Seigneur \u00bb (Lc 1,38)<\/strong><\/p>\n\n\n\n<p>M\u00e9ditation :<\/p>\n\n\n\n<p>Marie, premi\u00e8re disciple, a tout accueilli dans la foi. Le diacre, comme Elle, doit dire \u00ab oui \u00bb chaque jour. Sainte Th\u00e9r\u00e8se de Lisieux disait : \u00ab Tout est gr\u00e2ce. \u00bb Que G\u00e9rard vive dans l\u2019abandon filial.<\/p>\n\n\n\n<p>Intentions :<\/p>\n\n\n\n<p>&#8211; Pour que G\u00e9rard imite la foi de Marie.<\/p>\n\n\n\n<p>&#8211; Pour les femmes consacr\u00e9es de notre dioc\u00e8se.<\/p>\n\n\n\n<p>&#8211; Pour que les familles prient pour les vocations.<\/p>\n\n\n\n<p>Pri\u00e8re finale :<\/p>\n\n\n\n<p>\u00ab Marie, apprends-nous \u00e0 tout recevoir de Dieu. Amen. \u00bb<\/p>\n\n\n\n<p><strong>Jour 8 \u2013 Mercredi 19 juin : \u00ab Je fais toutes choses pour l\u2019\u00c9vangile \u00bb (1 Co 9,23)<\/strong><\/p>\n\n\n\n<p>M\u00e9ditation :<\/p>\n\n\n\n<p>Saint Paul se donnait tout entier \u00e0 sa mission. Le diacre doit en faire autant. Le pape Jean-Paul II disait : \u00ab N\u2019ayez pas peur ! \u00bb Que G\u00e9rard avance avec audace.<\/p>\n\n\n\n<p>Intentions :<\/p>\n\n\n\n<p>&#8211; Pour que G\u00e9rard soit un pasteur selon le C\u0153ur de Dieu.<\/p>\n\n\n\n<p>&#8211; Pour notre \u00e9v\u00eaque, notre administrateur apostolique et les pr\u00eatres.<\/p>\n\n\n\n<p>Pri\u00e8re finale :<\/p>\n\n\n\n<p>\u00ab Saint Paul, apprends-nous \u00e0 tout donner pour le Christ. Amen. \u00bb<\/p>\n\n\n\n<p><strong>Jour 9 \u2013 Jeudi 20 juin (Veille de l\u2019ordination) : \u00ab Que tous soient un \u00bb (Jn 17,21)<\/strong><\/p>\n\n\n\n<p>M\u00e9ditation :<\/p>\n\n\n\n<p>La veille de son ordination, prions pour que G\u00e9rard soit un artisan d\u2019unit\u00e9. Saint Jean-Marie Vianney disait : \u00ab Le sacerdoce, c\u2019est l\u2019amour du C\u0153ur de J\u00e9sus. \u00bb<\/p>\n\n\n\n<p>Intentions :<\/p>\n\n\n\n<p>&#8211; Pour que G\u00e9rard soit un diacre saint.<\/p>\n\n\n\n<p>&#8211; Pour l\u2019unit\u00e9 de notre paroisse.<\/p>\n\n\n\n<p>&#8211; Pour une effusion de vocations dans l\u2019\u00c9glise.<\/p>\n\n\n\n<p>Pri\u00e8re finale :<\/p>\n\n\n\n<p>\u00ab C\u0153ur de J\u00e9sus, fais de G\u00e9rard Ton fid\u00e8le serviteur. Amen. \u00bb<\/p>\n\n\n\n<p>Conclusion :<\/p>\n\n\n\n<p>\u00ab Nous Te rendons gr\u00e2ce, Seigneur, pour le don de cette neuvaine. B\u00e9nis G\u00e9rard, b\u00e9nis notre \u00c9glise, et donne-nous de toujours r\u00e9pondre \u00e0 Ton appel. Par le Christ notre Seigneur. Amen. \u00bb<\/p>\n","protected":false},"excerpt":{"rendered":"<p>Chaque jour : &#8211; Signe de croix &#8211; Pri\u00e8re d\u2019ouverture (ci-dessous) &#8211; M\u00e9ditation biblique et enseignements de l\u2019\u00c9glise &#8211; Intentions de pri\u00e8re &#8211; Notre P\u00e8re, Je vous salue Marie, Gloire [&hellip;]<\/p>\n","protected":false},"author":63,"featured_media":13062,"comment_status":"open","ping_status":"open","sticky":false,"template":"","format":"standard","meta":{"_et_pb_use_builder":"off","_et_pb_old_content":"","_et_gb_content_width":"","footnotes":""},"categories":[6,24,23,33,25],"tags":[],"class_list":["post-13226","post","type-post","status-publish","format-standard","has-post-thumbnail","hentry","category-actualite","category-annonces","category-diocese","category-paroisse","category-solidarite"],"_links":{"self":[{"href":"https:\/\/catholiques17.fr\/pontlabbesaintporchaire\/wp-json\/wp\/v2\/posts\/13226","targetHints":{"allow":["GET"]}}],"collection":[{"href":"https:\/\/catholiques17.fr\/pontlabbesaintporchaire\/wp-json\/wp\/v2\/posts"}],"about":[{"href":"https:\/\/catholiques17.fr\/pontlabbesaintporchaire\/wp-json\/wp\/v2\/types\/post"}],"author":[{"embeddable":true,"href":"https:\/\/catholiques17.fr\/pontlabbesaintporchaire\/wp-json\/wp\/v2\/users\/63"}],"replies":[{"embeddable":true,"href":"https:\/\/catholiques17.fr\/pontlabbesaintporchaire\/wp-json\/wp\/v2\/comments?post=13226"}],"version-history":[{"count":2,"href":"https:\/\/catholiques17.fr\/pontlabbesaintporchaire\/wp-json\/wp\/v2\/posts\/13226\/revisions"}],"predecessor-version":[{"id":13228,"href":"https:\/\/catholiques17.fr\/pontlabbesaintporchaire\/wp-json\/wp\/v2\/posts\/13226\/revisions\/13228"}],"wp:featuredmedia":[{"embeddable":true,"href":"https:\/\/catholiques17.fr\/pontlabbesaintporchaire\/wp-json\/wp\/v2\/media\/13062"}],"wp:attachment":[{"href":"https:\/\/catholiques17.fr\/pontlabbesaintporchaire\/wp-json\/wp\/v2\/media?parent=13226"}],"wp:term":[{"taxonomy":"category","embeddable":true,"href":"https:\/\/catholiques17.fr\/pontlabbesaintporchaire\/wp-json\/wp\/v2\/categories?post=13226"},{"taxonomy":"post_tag","embeddable":true,"href":"https:\/\/catholiques17.fr\/pontlabbesaintporchaire\/wp-json\/wp\/v2\/tags?post=13226"}],"curies":[{"name":"wp","href":"https:\/\/api.w.org\/{rel}","templated":true}]}}