{"id":13172,"date":"2025-05-25T16:18:07","date_gmt":"2025-05-25T14:18:07","guid":{"rendered":"https:\/\/catholiques17.fr\/pontlabbesaintporchaire\/?p=13172"},"modified":"2025-05-25T16:18:08","modified_gmt":"2025-05-25T14:18:08","slug":"ordination-diaconale-de-gerard-djigbonde-houedanou","status":"publish","type":"post","link":"https:\/\/catholiques17.fr\/pontlabbesaintporchaire\/2025\/05\/25\/ordination-diaconale-de-gerard-djigbonde-houedanou\/","title":{"rendered":"Ordination diaconale de G\u00e9rard Djigbonde HOUEDANOU"},"content":{"rendered":"\n<div style=\"height:100px\" aria-hidden=\"true\" class=\"wp-block-spacer\"><\/div>\n\n\n\n<p>Le\u00a021 juin 2025, \u00e0 10h00, en l\u2019\u00e9glise Saint-Pierre de Pont l\u2019Abb\u00e9 d\u2019Arnoult.<\/p>\n\n\n\n<p>Au nom de toute la paroisse, le P\u00e8re Valens et l\u2019\u00e9quipe pastorale vous invitent chaleureusement \u00e0 participer \u00e0 cet \u00e9v\u00e8nement pour notre communaut\u00e9 et \u00e0 partager notre joie autour du verre de l\u2019amiti\u00e9 qui sera servi apr\u00e8s la c\u00e9r\u00e9monie dans les locaux de l\u2019\u00e9tablissement La Salle Saint Louis, 73 Av. Andr\u00e9 Malraux, 17250 Pont-l\u2019Abb\u00e9-d\u2019Arnoult.<\/p>\n","protected":false},"excerpt":{"rendered":"<p>Le\u00a021 juin 2025, \u00e0 10h00, en l\u2019\u00e9glise Saint-Pierre de Pont l\u2019Abb\u00e9 d\u2019Arnoult. Au nom de toute la paroisse, le P\u00e8re Valens et l\u2019\u00e9quipe pastorale vous invitent chaleureusement \u00e0 participer \u00e0 [&hellip;]<\/p>\n","protected":false},"author":63,"featured_media":13162,"comment_status":"open","ping_status":"open","sticky":false,"template":"","format":"standard","meta":{"_et_pb_use_builder":"off","_et_pb_old_content":"","_et_gb_content_width":"","footnotes":""},"categories":[6,24,44,33],"tags":[],"class_list":["post-13172","post","type-post","status-publish","format-standard","has-post-thumbnail","hentry","category-actualite","category-annonces","category-convivialite","category-paroisse"],"_links":{"self":[{"href":"https:\/\/catholiques17.fr\/pontlabbesaintporchaire\/wp-json\/wp\/v2\/posts\/13172","targetHints":{"allow":["GET"]}}],"collection":[{"href":"https:\/\/catholiques17.fr\/pontlabbesaintporchaire\/wp-json\/wp\/v2\/posts"}],"about":[{"href":"https:\/\/catholiques17.fr\/pontlabbesaintporchaire\/wp-json\/wp\/v2\/types\/post"}],"author":[{"embeddable":true,"href":"https:\/\/catholiques17.fr\/pontlabbesaintporchaire\/wp-json\/wp\/v2\/users\/63"}],"replies":[{"embeddable":true,"href":"https:\/\/catholiques17.fr\/pontlabbesaintporchaire\/wp-json\/wp\/v2\/comments?post=13172"}],"version-history":[{"count":1,"href":"https:\/\/catholiques17.fr\/pontlabbesaintporchaire\/wp-json\/wp\/v2\/posts\/13172\/revisions"}],"predecessor-version":[{"id":13173,"href":"https:\/\/catholiques17.fr\/pontlabbesaintporchaire\/wp-json\/wp\/v2\/posts\/13172\/revisions\/13173"}],"wp:featuredmedia":[{"embeddable":true,"href":"https:\/\/catholiques17.fr\/pontlabbesaintporchaire\/wp-json\/wp\/v2\/media\/13162"}],"wp:attachment":[{"href":"https:\/\/catholiques17.fr\/pontlabbesaintporchaire\/wp-json\/wp\/v2\/media?parent=13172"}],"wp:term":[{"taxonomy":"category","embeddable":true,"href":"https:\/\/catholiques17.fr\/pontlabbesaintporchaire\/wp-json\/wp\/v2\/categories?post=13172"},{"taxonomy":"post_tag","embeddable":true,"href":"https:\/\/catholiques17.fr\/pontlabbesaintporchaire\/wp-json\/wp\/v2\/tags?post=13172"}],"curies":[{"name":"wp","href":"https:\/\/api.w.org\/{rel}","templated":true}]}}