{"id":13104,"date":"2025-05-14T17:54:39","date_gmt":"2025-05-14T15:54:39","guid":{"rendered":"https:\/\/catholiques17.fr\/pontlabbesaintporchaire\/?p=13104"},"modified":"2025-05-14T17:59:26","modified_gmt":"2025-05-14T15:59:26","slug":"un-missionnaire-le-cardinal-robert-francis-prevost-devient-le-267eme-pape","status":"publish","type":"post","link":"https:\/\/catholiques17.fr\/pontlabbesaintporchaire\/2025\/05\/14\/un-missionnaire-le-cardinal-robert-francis-prevost-devient-le-267eme-pape\/","title":{"rendered":"Un missionnaire, le cardinal Robert Francis Prevost devient le 267\u00e8me pape"},"content":{"rendered":"\n<div style=\"height:100px\" aria-hidden=\"true\" class=\"wp-block-spacer\"><\/div>\n\n\n\n<p>Religieux, Fils de Saint-Augustin, \u00e9v\u00eaque d\u2019Hippone et docteur de l\u2019Eglise au sujet duquel Beno\u00eet XVI \u00e9crivit une th\u00e8se, le nouveau pape est canoniste, il fut professeur de morale et de patristique. La rencontre que j\u2019ai eue avec le cardinal Prevost m\u2019a montr\u00e9 un homme humble, \u00e0 l\u2019\u00e9coute, qui correspond au portrait du missionnaire fait par Saint Jean-Paul II dans l\u2019encyclique\u00a0<em>Redemptoris Missio<\/em>\u00a0(1990), c\u2019est un contemplatif en action !<\/p>\n\n\n\n<p>[&#8230;]<\/p>\n\n\n\n<p>Si le pape L\u00e9on XIV maintient l\u2019organisation mise en place par le pape Fran\u00e7ois, il deviendra le pr\u00e9fet du dicast\u00e8re pour l\u2019Evang\u00e9lisation dont d\u00e9pendent les \u0152uvres Ponrificales Missionniaires. Il nous fera profiter de son exp\u00e9rience pendant vingt ans au P\u00e9rou o\u00f9 il fut \u00e9v\u00eaque de Chiclayo en nous faisant travailler dans un esprit synodal. Ses racines europ\u00e9ennes le rendront sensible aux nouvelles p\u00e9riph\u00e9ries que sont devenus les pays europ\u00e9ens s\u00e9cularis\u00e9s ou d\u00e9christianis\u00e9s. Sa devise \u00ab In illo uno unum \u2013 dans celui qui est Un, \u00eatre unis \u00bb annonce un pontificat plac\u00e9 sous le signe de l\u2019unit\u00e9 et de la proximit\u00e9 sans pr\u00e9jug\u00e9s.<\/p>\n\n\n\n<p>Mgr Georges Colomb<\/p>\n\n\n\n<p>Directeur National des O.P.M.<\/p>\n\n\n\n<p>\u00c9v\u00eaque de La Rochelle et Saintes<\/p>\n\n\n\n<div style=\"height:100px\" aria-hidden=\"true\" class=\"wp-block-spacer\"><\/div>\n\n\n\n<div class=\"wp-block-buttons is-content-justification-center is-layout-flex wp-container-core-buttons-is-layout-16018d1d wp-block-buttons-is-layout-flex\">\n<div class=\"wp-block-button\"><a class=\"wp-block-button__link wp-element-button\" href=\"https:\/\/catholiques17.fr\/un-missionnaire-le-cardinal-robert-francis-prevost-devient-le-267eme-pape\/\" target=\"_blank\" rel=\"noreferrer noopener\">Pour plus d&rsquo;informations<\/a><\/div>\n<\/div>\n","protected":false},"excerpt":{"rendered":"<p>Religieux, Fils de Saint-Augustin, \u00e9v\u00eaque d\u2019Hippone et docteur de l\u2019Eglise au sujet duquel Beno\u00eet XVI \u00e9crivit une th\u00e8se, le nouveau pape est canoniste, il fut professeur de morale et de [&hellip;]<\/p>\n","protected":false},"author":63,"featured_media":13105,"comment_status":"open","ping_status":"open","sticky":false,"template":"","format":"standard","meta":{"_et_pb_use_builder":"off","_et_pb_old_content":"","_et_gb_content_width":"","footnotes":""},"categories":[6,24,49],"tags":[],"class_list":["post-13104","post","type-post","status-publish","format-standard","has-post-thumbnail","hentry","category-actualite","category-annonces","category-pape-leon-xiv-2"],"_links":{"self":[{"href":"https:\/\/catholiques17.fr\/pontlabbesaintporchaire\/wp-json\/wp\/v2\/posts\/13104","targetHints":{"allow":["GET"]}}],"collection":[{"href":"https:\/\/catholiques17.fr\/pontlabbesaintporchaire\/wp-json\/wp\/v2\/posts"}],"about":[{"href":"https:\/\/catholiques17.fr\/pontlabbesaintporchaire\/wp-json\/wp\/v2\/types\/post"}],"author":[{"embeddable":true,"href":"https:\/\/catholiques17.fr\/pontlabbesaintporchaire\/wp-json\/wp\/v2\/users\/63"}],"replies":[{"embeddable":true,"href":"https:\/\/catholiques17.fr\/pontlabbesaintporchaire\/wp-json\/wp\/v2\/comments?post=13104"}],"version-history":[{"count":1,"href":"https:\/\/catholiques17.fr\/pontlabbesaintporchaire\/wp-json\/wp\/v2\/posts\/13104\/revisions"}],"predecessor-version":[{"id":13106,"href":"https:\/\/catholiques17.fr\/pontlabbesaintporchaire\/wp-json\/wp\/v2\/posts\/13104\/revisions\/13106"}],"wp:featuredmedia":[{"embeddable":true,"href":"https:\/\/catholiques17.fr\/pontlabbesaintporchaire\/wp-json\/wp\/v2\/media\/13105"}],"wp:attachment":[{"href":"https:\/\/catholiques17.fr\/pontlabbesaintporchaire\/wp-json\/wp\/v2\/media?parent=13104"}],"wp:term":[{"taxonomy":"category","embeddable":true,"href":"https:\/\/catholiques17.fr\/pontlabbesaintporchaire\/wp-json\/wp\/v2\/categories?post=13104"},{"taxonomy":"post_tag","embeddable":true,"href":"https:\/\/catholiques17.fr\/pontlabbesaintporchaire\/wp-json\/wp\/v2\/tags?post=13104"}],"curies":[{"name":"wp","href":"https:\/\/api.w.org\/{rel}","templated":true}]}}