{"id":13001,"date":"2025-04-21T13:59:01","date_gmt":"2025-04-21T11:59:01","guid":{"rendered":"https:\/\/catholiques17.fr\/pontlabbesaintporchaire\/?p=13001"},"modified":"2025-04-25T17:54:14","modified_gmt":"2025-04-25T15:54:14","slug":"le-pape-francois-dans-les-bras-du-pere","status":"publish","type":"post","link":"https:\/\/catholiques17.fr\/pontlabbesaintporchaire\/2025\/04\/21\/le-pape-francois-dans-les-bras-du-pere\/","title":{"rendered":"Le Pape Fran\u00e7ois dans les bras du P\u00e8re"},"content":{"rendered":"\n<div style=\"height:100px\" aria-hidden=\"true\" class=\"wp-block-spacer\"><\/div>\n\n\n\n<p><strong>Ce matin, \u00e0 7h35, l&rsquo;\u00e9v\u00eaque de Rome, Fran\u00e7ois, est retourn\u00e9 \u00e0 la maison du P\u00e8re.<\/strong><\/p>\n\n\n\n<p>Son \u00e9minence, le cardinal Farrell, a annonc\u00e9 avec tristesse la mort du Pape Fran\u00e7ois, en ces termes : \u00ab <em>Chers fr\u00e8res et s\u0153urs, c&rsquo;est avec une profonde tristesse que je dois vous annoncer la mort de notre Saint P\u00e8re Fran\u00e7ois. Ce matin, \u00e0 7h35, l&rsquo;\u00e9v\u00eaque de Rome, Fran\u00e7ois, est retourn\u00e9 \u00e0 la maison du P\u00e8re. Toute sa vie a \u00e9t\u00e9 consacr\u00e9e au service du Seigneur et de son \u00c9glise.&nbsp;Il nous a appris \u00e0 vivre les valeurs de l&rsquo;\u00c9vangile avec fid\u00e9lit\u00e9, courage et amour universel, en particulier en faveur des plus pauvres et des plus marginalis\u00e9s.&nbsp;Avec une immense gratitude pour son exemple de v\u00e9ritable disciple du Seigneur J\u00e9sus, nous confions l&rsquo;\u00e2me du Pape Fran\u00e7ois \u00e0 l&rsquo;amour infiniment mis\u00e9ricordieux du Dieu trinitaire<\/em> \u00bb.<\/p>\n\n\n\n<div style=\"height:100px\" aria-hidden=\"true\" class=\"wp-block-spacer\"><\/div>\n\n\n\n<div class=\"wp-block-buttons is-content-justification-center is-layout-flex wp-container-core-buttons-is-layout-16018d1d wp-block-buttons-is-layout-flex\">\n<div class=\"wp-block-button\"><a class=\"wp-block-button__link wp-element-button\" href=\"https:\/\/www.vaticannews.va\/fr\/pape\/news\/2025-04\/le-pape-francois-est-mort.html\" target=\"_blank\" rel=\"noreferrer noopener\">Pour plus d&rsquo;informations cliquez ici<\/a><\/div>\n\n\n\n<div class=\"wp-block-button\"><a class=\"wp-block-button__link wp-element-button\" href=\"https:\/\/catholiques17.fr\/pape-francois\/\" target=\"_blank\" rel=\"noreferrer noopener\">Et cliquez l\u00e0<\/a><\/div>\n\n\n\n<div class=\"wp-block-button\"><a class=\"wp-block-button__link wp-element-button\" href=\"https:\/\/catholiques17.fr\/le-pape-francois-est-mort-prions-pour-lui\/\" target=\"_blank\" rel=\"noreferrer noopener\">Ou encore ici<\/a><\/div>\n<\/div>\n","protected":false},"excerpt":{"rendered":"<p>Ce matin, \u00e0 7h35, l&rsquo;\u00e9v\u00eaque de Rome, Fran\u00e7ois, est retourn\u00e9 \u00e0 la maison du P\u00e8re. Son \u00e9minence, le cardinal Farrell, a annonc\u00e9 avec tristesse la mort du Pape Fran\u00e7ois, en [&hellip;]<\/p>\n","protected":false},"author":63,"featured_media":13002,"comment_status":"open","ping_status":"open","sticky":false,"template":"","format":"standard","meta":{"_et_pb_use_builder":"off","_et_pb_old_content":"","_et_gb_content_width":"","footnotes":""},"categories":[6,24,22],"tags":[],"class_list":["post-13001","post","type-post","status-publish","format-standard","has-post-thumbnail","hentry","category-actualite","category-annonces","category-pape-francois"],"_links":{"self":[{"href":"https:\/\/catholiques17.fr\/pontlabbesaintporchaire\/wp-json\/wp\/v2\/posts\/13001","targetHints":{"allow":["GET"]}}],"collection":[{"href":"https:\/\/catholiques17.fr\/pontlabbesaintporchaire\/wp-json\/wp\/v2\/posts"}],"about":[{"href":"https:\/\/catholiques17.fr\/pontlabbesaintporchaire\/wp-json\/wp\/v2\/types\/post"}],"author":[{"embeddable":true,"href":"https:\/\/catholiques17.fr\/pontlabbesaintporchaire\/wp-json\/wp\/v2\/users\/63"}],"replies":[{"embeddable":true,"href":"https:\/\/catholiques17.fr\/pontlabbesaintporchaire\/wp-json\/wp\/v2\/comments?post=13001"}],"version-history":[{"count":3,"href":"https:\/\/catholiques17.fr\/pontlabbesaintporchaire\/wp-json\/wp\/v2\/posts\/13001\/revisions"}],"predecessor-version":[{"id":13020,"href":"https:\/\/catholiques17.fr\/pontlabbesaintporchaire\/wp-json\/wp\/v2\/posts\/13001\/revisions\/13020"}],"wp:featuredmedia":[{"embeddable":true,"href":"https:\/\/catholiques17.fr\/pontlabbesaintporchaire\/wp-json\/wp\/v2\/media\/13002"}],"wp:attachment":[{"href":"https:\/\/catholiques17.fr\/pontlabbesaintporchaire\/wp-json\/wp\/v2\/media?parent=13001"}],"wp:term":[{"taxonomy":"category","embeddable":true,"href":"https:\/\/catholiques17.fr\/pontlabbesaintporchaire\/wp-json\/wp\/v2\/categories?post=13001"},{"taxonomy":"post_tag","embeddable":true,"href":"https:\/\/catholiques17.fr\/pontlabbesaintporchaire\/wp-json\/wp\/v2\/tags?post=13001"}],"curies":[{"name":"wp","href":"https:\/\/api.w.org\/{rel}","templated":true}]}}