{"id":12962,"date":"2025-04-11T09:35:49","date_gmt":"2025-04-11T07:35:49","guid":{"rendered":"https:\/\/catholiques17.fr\/pontlabbesaintporchaire\/?p=12962"},"modified":"2025-04-11T09:35:50","modified_gmt":"2025-04-11T07:35:50","slug":"un-jubile-a-rome-pour-les-servants-de-messe","status":"publish","type":"post","link":"https:\/\/catholiques17.fr\/pontlabbesaintporchaire\/2025\/04\/11\/un-jubile-a-rome-pour-les-servants-de-messe\/","title":{"rendered":"Un Jubil\u00e9 \u00e0 Rome pour les servants de messe"},"content":{"rendered":"\n<div style=\"height:100px\" aria-hidden=\"true\" class=\"wp-block-spacer\"><\/div>\n\n\n\n<p>Pour vivre la prochaine Ann\u00e9e jubilaire en \u00ab P\u00e8lerins d\u2019esp\u00e9rance \u00bb, 1000 servants d\u2019autel de France convergeront le 21 ao\u00fbt 2025 vers Lyon pour p\u00e8leriner ensuite ensemble vers Rome o\u00f9 ils vivront le\u00a0Jubil\u00e9\u00a0du 25 au 28 ao\u00fbt. Leur th\u00e8me : \u00ab Servir, chemin d\u2019esp\u00e9rance \u00bb.\u00a0<\/p>\n\n\n\n<div style=\"height:100px\" aria-hidden=\"true\" class=\"wp-block-spacer\"><\/div>\n\n\n\n<div class=\"wp-block-buttons is-content-justification-center is-layout-flex wp-container-core-buttons-is-layout-16018d1d wp-block-buttons-is-layout-flex\">\n<div class=\"wp-block-button\"><a class=\"wp-block-button__link wp-element-button\" href=\"https:\/\/catholiques17.fr\/un-jubile-a-rome-pour-les-servants-de-messe\/\" target=\"_blank\" rel=\"noreferrer noopener\">Pour plus d&rsquo;informations<\/a><\/div>\n<\/div>\n","protected":false},"excerpt":{"rendered":"<p>Pour vivre la prochaine Ann\u00e9e jubilaire en \u00ab P\u00e8lerins d\u2019esp\u00e9rance \u00bb, 1000 servants d\u2019autel de France convergeront le 21 ao\u00fbt 2025 vers Lyon pour p\u00e8leriner ensuite ensemble vers Rome o\u00f9 [&hellip;]<\/p>\n","protected":false},"author":63,"featured_media":12963,"comment_status":"open","ping_status":"open","sticky":false,"template":"","format":"standard","meta":{"_et_pb_use_builder":"off","_et_pb_old_content":"","_et_gb_content_width":"","footnotes":""},"categories":[6,24,23,37,27,33,36],"tags":[],"class_list":["post-12962","post","type-post","status-publish","format-standard","has-post-thumbnail","hentry","category-actualite","category-annonces","category-diocese","category-enfants","category-jeunes","category-paroisse","category-pelerinage"],"_links":{"self":[{"href":"https:\/\/catholiques17.fr\/pontlabbesaintporchaire\/wp-json\/wp\/v2\/posts\/12962","targetHints":{"allow":["GET"]}}],"collection":[{"href":"https:\/\/catholiques17.fr\/pontlabbesaintporchaire\/wp-json\/wp\/v2\/posts"}],"about":[{"href":"https:\/\/catholiques17.fr\/pontlabbesaintporchaire\/wp-json\/wp\/v2\/types\/post"}],"author":[{"embeddable":true,"href":"https:\/\/catholiques17.fr\/pontlabbesaintporchaire\/wp-json\/wp\/v2\/users\/63"}],"replies":[{"embeddable":true,"href":"https:\/\/catholiques17.fr\/pontlabbesaintporchaire\/wp-json\/wp\/v2\/comments?post=12962"}],"version-history":[{"count":1,"href":"https:\/\/catholiques17.fr\/pontlabbesaintporchaire\/wp-json\/wp\/v2\/posts\/12962\/revisions"}],"predecessor-version":[{"id":12964,"href":"https:\/\/catholiques17.fr\/pontlabbesaintporchaire\/wp-json\/wp\/v2\/posts\/12962\/revisions\/12964"}],"wp:featuredmedia":[{"embeddable":true,"href":"https:\/\/catholiques17.fr\/pontlabbesaintporchaire\/wp-json\/wp\/v2\/media\/12963"}],"wp:attachment":[{"href":"https:\/\/catholiques17.fr\/pontlabbesaintporchaire\/wp-json\/wp\/v2\/media?parent=12962"}],"wp:term":[{"taxonomy":"category","embeddable":true,"href":"https:\/\/catholiques17.fr\/pontlabbesaintporchaire\/wp-json\/wp\/v2\/categories?post=12962"},{"taxonomy":"post_tag","embeddable":true,"href":"https:\/\/catholiques17.fr\/pontlabbesaintporchaire\/wp-json\/wp\/v2\/tags?post=12962"}],"curies":[{"name":"wp","href":"https:\/\/api.w.org\/{rel}","templated":true}]}}