{"id":12930,"date":"2025-04-05T11:09:33","date_gmt":"2025-04-05T09:09:33","guid":{"rendered":"https:\/\/catholiques17.fr\/pontlabbesaintporchaire\/?p=12930"},"modified":"2025-04-05T11:09:35","modified_gmt":"2025-04-05T09:09:35","slug":"un-jubile-pour-les-jeunes","status":"publish","type":"post","link":"https:\/\/catholiques17.fr\/pontlabbesaintporchaire\/2025\/04\/05\/un-jubile-pour-les-jeunes\/","title":{"rendered":"Un Jubil\u00e9 pour les jeunes !"},"content":{"rendered":"\n<div style=\"height:100px\" aria-hidden=\"true\" class=\"wp-block-spacer\"><\/div>\n\n\n\n<p><strong>Ca y est : les inscriptions pour partir au jubil\u00e9 cet \u00e9t\u00e9 sont ouvertes !&nbsp;<\/strong><\/p>\n\n\n\n<p>Viens rejoindre des \u00e9tudiants et des jeunes pros du dioc\u00e8se pour vivre un temps fort avec J\u00e9sus \u00e0 Rome !&nbsp;Rendez-vous du 26 juillet au 4 ao\u00fbt, de La Rochelle et Saintes \u00e0 Rome, en passant par Turin.<\/p>\n\n\n\n<p>Au programme :<\/p>\n\n\n\n<ul class=\"wp-block-list\">\n<li>A Turin : d\u00e9couverte de la ville sur les pas de don Bosco et Pier Giorgio Frassati<\/li>\n\n\n\n<li>A Rome :\u00a0p\u00e8lerinage et passage de la porte sainte \u00e0 la basilique du Latran,\u00a0temps sp\u00e9cifiques pour les \u00e9tudiants et les jeunes pros avec enseignement et \u00e9changes,\u00a0messe finale avec le pape et canonisation de Pier Giorgio Frassati,\u00a0et bien d\u2019autres encore !<\/li>\n<\/ul>\n\n\n\n<p>Des rencontres sont pr\u00e9vues,<\/p>\n\n\n\n<ul class=\"wp-block-list\">\n<li>un d\u00eener pour faire connaissance le vendredi 25 avril \u00e0 La Rochelle, de 19h \u00e0 22h30<\/li>\n\n\n\n<li>une journ\u00e9e le 24 mai \u00e0 la maison dioc\u00e9saine \u00e0 Saintes<\/li>\n<\/ul>\n\n\n\n<div style=\"height:100px\" aria-hidden=\"true\" class=\"wp-block-spacer\"><\/div>\n\n\n\n<div class=\"wp-block-buttons is-content-justification-center is-layout-flex wp-container-core-buttons-is-layout-16018d1d wp-block-buttons-is-layout-flex\">\n<div class=\"wp-block-button\"><a class=\"wp-block-button__link wp-element-button\" href=\"https:\/\/catholiques17.fr\/un-jubile-pour-les-jeunes\/\" target=\"_blank\" rel=\"noreferrer noopener\">Pour plus d&rsquo;informations<\/a><\/div>\n<\/div>\n","protected":false},"excerpt":{"rendered":"<p>Ca y est : les inscriptions pour partir au jubil\u00e9 cet \u00e9t\u00e9 sont ouvertes !&nbsp; Viens rejoindre des \u00e9tudiants et des jeunes pros du dioc\u00e8se pour vivre un temps fort [&hellip;]<\/p>\n","protected":false},"author":63,"featured_media":12931,"comment_status":"open","ping_status":"open","sticky":false,"template":"","format":"standard","meta":{"_et_pb_use_builder":"off","_et_pb_old_content":"","_et_gb_content_width":"","footnotes":""},"categories":[6,24,27,36],"tags":[],"class_list":["post-12930","post","type-post","status-publish","format-standard","has-post-thumbnail","hentry","category-actualite","category-annonces","category-jeunes","category-pelerinage"],"_links":{"self":[{"href":"https:\/\/catholiques17.fr\/pontlabbesaintporchaire\/wp-json\/wp\/v2\/posts\/12930","targetHints":{"allow":["GET"]}}],"collection":[{"href":"https:\/\/catholiques17.fr\/pontlabbesaintporchaire\/wp-json\/wp\/v2\/posts"}],"about":[{"href":"https:\/\/catholiques17.fr\/pontlabbesaintporchaire\/wp-json\/wp\/v2\/types\/post"}],"author":[{"embeddable":true,"href":"https:\/\/catholiques17.fr\/pontlabbesaintporchaire\/wp-json\/wp\/v2\/users\/63"}],"replies":[{"embeddable":true,"href":"https:\/\/catholiques17.fr\/pontlabbesaintporchaire\/wp-json\/wp\/v2\/comments?post=12930"}],"version-history":[{"count":1,"href":"https:\/\/catholiques17.fr\/pontlabbesaintporchaire\/wp-json\/wp\/v2\/posts\/12930\/revisions"}],"predecessor-version":[{"id":12932,"href":"https:\/\/catholiques17.fr\/pontlabbesaintporchaire\/wp-json\/wp\/v2\/posts\/12930\/revisions\/12932"}],"wp:featuredmedia":[{"embeddable":true,"href":"https:\/\/catholiques17.fr\/pontlabbesaintporchaire\/wp-json\/wp\/v2\/media\/12931"}],"wp:attachment":[{"href":"https:\/\/catholiques17.fr\/pontlabbesaintporchaire\/wp-json\/wp\/v2\/media?parent=12930"}],"wp:term":[{"taxonomy":"category","embeddable":true,"href":"https:\/\/catholiques17.fr\/pontlabbesaintporchaire\/wp-json\/wp\/v2\/categories?post=12930"},{"taxonomy":"post_tag","embeddable":true,"href":"https:\/\/catholiques17.fr\/pontlabbesaintporchaire\/wp-json\/wp\/v2\/tags?post=12930"}],"curies":[{"name":"wp","href":"https:\/\/api.w.org\/{rel}","templated":true}]}}