{"id":12765,"date":"2025-03-07T09:52:45","date_gmt":"2025-03-07T08:52:45","guid":{"rendered":"https:\/\/catholiques17.fr\/pontlabbesaintporchaire\/?p=12765"},"modified":"2025-03-07T10:14:11","modified_gmt":"2025-03-07T09:14:11","slug":"careme-2025","status":"publish","type":"post","link":"https:\/\/catholiques17.fr\/pontlabbesaintporchaire\/2025\/03\/07\/careme-2025\/","title":{"rendered":"Car\u00eame 2025"},"content":{"rendered":"\n<div style=\"height:100px\" aria-hidden=\"true\" class=\"wp-block-spacer\"><\/div>\n\n\n\n<p>1. <strong>Car\u00eame 2025 Bol de riz<\/strong> :<\/p>\n\n\n\n<p>Extrait de la lettre du Pape Fran\u00e7ois pour le car\u00eame&nbsp;:<\/p>\n\n\n\n<p><em>\u00ab&nbsp;Avec le signe p\u00e9nitentiel des&nbsp;cendres&nbsp;sur la t\u00eate, nous commen\u00e7ons le&nbsp;p\u00e8lerinage&nbsp;annuel du Saint&nbsp;Car\u00eame&nbsp;dans la foi et dans l\u2019esp\u00e9rance. L\u2019\u00c9glise, m\u00e8re et ma\u00eetresse, nous invite \u00e0 pr\u00e9parer nos c\u0153urs et \u00e0 nous ouvrir \u00e0 la gr\u00e2ce de Dieu pour que nous puissions c\u00e9l\u00e9brer dans la joie le triomphe pascal du Christ-Seigneur, sur le&nbsp;p\u00e9ch\u00e9&nbsp;et sur la mort.&nbsp;\u00bb<\/em><\/p>\n\n\n\n<p>Pour r\u00e9pondre \u00e0 cet appel \u00e0 pr\u00e9parer nos c\u0153urs, nous vous proposons des soir\u00e9es \u00ab&nbsp;Bol de riz&nbsp;\u00bb chaque semaine de car\u00eame. Lors de ces rencontres, dans un premier temps nous partagerons sur diff\u00e9rents sujets (le pardon, l\u2019accueil de l\u2019autre, le message du pape, l\u2019\u00e9cologie etc\u2026) puis nous partagerons un bol de riz et nous serons appel\u00e9s \u00e0 laisser une obole qui sera vers\u00e9e au profit des petites s\u0153urs des pauvres \u00e0 Saintes.<\/p>\n\n\n\n<ul class=\"wp-block-list\">\n<li>Mercredi 12 mars&nbsp;&nbsp;&nbsp;&nbsp;&nbsp;&nbsp;&nbsp;&nbsp;&nbsp;&nbsp;&nbsp;&nbsp;&nbsp;&nbsp;&nbsp;&nbsp;&nbsp; 19 h15 &nbsp;&nbsp;&nbsp;&nbsp;&nbsp;&nbsp;&nbsp;&nbsp;&nbsp;&nbsp;&nbsp; Presbyt\u00e8re de St Porchaire<\/li>\n\n\n\n<li>Jeudi 20 mars&nbsp;&nbsp;&nbsp;&nbsp;&nbsp;&nbsp;&nbsp;&nbsp;&nbsp;&nbsp;&nbsp;&nbsp;&nbsp;&nbsp;&nbsp;&nbsp;&nbsp;&nbsp;&nbsp;&nbsp;&nbsp;&nbsp;&nbsp;&nbsp; 19 h15 &nbsp;&nbsp;&nbsp;&nbsp;&nbsp;&nbsp;&nbsp;&nbsp;&nbsp;&nbsp;&nbsp; Chapelle de l\u2019Alouette \u00e0 Pont l\u2019Abb\u00e9<\/li>\n\n\n\n<li>Mercredi 26 mars&nbsp;&nbsp;&nbsp;&nbsp;&nbsp;&nbsp;&nbsp;&nbsp;&nbsp;&nbsp;&nbsp;&nbsp;&nbsp;&nbsp;&nbsp;&nbsp;&nbsp; 19 h15 &nbsp;&nbsp;&nbsp;&nbsp;&nbsp;&nbsp;&nbsp;&nbsp;&nbsp;&nbsp;&nbsp; Presbyt\u00e8re de St Porchaire<\/li>\n\n\n\n<li>Jeudi 3 avril\u00a0\u00a0\u00a0\u00a0\u00a0\u00a0\u00a0\u00a0\u00a0\u00a0\u00a0\u00a0\u00a0\u00a0\u00a0\u00a0\u00a0\u00a0 \u00a0\u00a0\u00a0\u00a0\u00a0\u00a0 \u00a0\u00a0 19 h15 \u00a0\u00a0\u00a0\u00a0\u00a0\u00a0\u00a0\u00a0\u00a0\u00a0\u00a0 Chapelle de l\u2019Alouette \u00e0 Pont l\u2019Abb\u00e9<\/li>\n\n\n\n<li>Mercredi 9 avril&nbsp;&nbsp;&nbsp;&nbsp;&nbsp;&nbsp;&nbsp;&nbsp;&nbsp;&nbsp;&nbsp;&nbsp;&nbsp;&nbsp;&nbsp;&nbsp;&nbsp;&nbsp; &nbsp;&nbsp; 19 h15 &nbsp;&nbsp;&nbsp;&nbsp;&nbsp;&nbsp;&nbsp;&nbsp;&nbsp;&nbsp;&nbsp; Presbyt\u00e8re de St Porchaire&nbsp;<\/li>\n<\/ul>\n\n\n\n<p><\/p>\n\n\n\n<p><\/p>\n\n\n\n<p>2. <strong>Chemin de croix 2025 :<\/strong><\/p>\n\n\n\n<p>Le Chemin de Croix est une d\u00e9votion chr\u00e9tienne qui m\u00e9dite les \u00e9tapes de la Passion du Christ, de sa condamnation \u00e0 sa mise au tombeau. Il rappelle l\u2019amour infini de J\u00e9sus, qui a souffert pour notre salut. En le parcourant, nous unissons nos \u00e9preuves aux siennes, trouvant force, esp\u00e9rance et r\u00e9confort dans son sacrifice r\u00e9dempteur.<\/p>\n\n\n\n<ul class=\"wp-block-list\">\n<li>Le mercredi 12 mars &nbsp;&nbsp;&nbsp;&nbsp;&nbsp;&nbsp;&nbsp;&nbsp;&nbsp;&nbsp;&nbsp;&nbsp; \u00e0 17h30 &nbsp;&nbsp;&nbsp;&nbsp;&nbsp;&nbsp;&nbsp;&nbsp;&nbsp; Port d\u2019Envaux<\/li>\n\n\n\n<li>Le mercredi 19 mars &nbsp;&nbsp;&nbsp;&nbsp;&nbsp;&nbsp;&nbsp;&nbsp;&nbsp;&nbsp;&nbsp;&nbsp; \u00e0 17h30 &nbsp;&nbsp;&nbsp;&nbsp;&nbsp;&nbsp;&nbsp;&nbsp;&nbsp; Trizay<\/li>\n\n\n\n<li>Le mercredi 26 mars&nbsp;&nbsp;&nbsp;&nbsp;&nbsp;&nbsp;&nbsp;&nbsp;&nbsp;&nbsp;&nbsp;&nbsp;&nbsp; \u00e0 17h30 &nbsp;&nbsp;&nbsp;&nbsp;&nbsp;&nbsp;&nbsp;&nbsp;&nbsp; Saint Jean d\u2019Angle<\/li>\n\n\n\n<li>Le mercredi 2 avril \u00a0\u00a0\u00a0\u00a0\u00a0\u00a0\u00a0\u00a0\u00a0 \u00a0 \u00a0\u00a0\u00a0\u00a0 \u00e0 17h30 \u00a0\u00a0\u00a0\u00a0\u00a0\u00a0\u00a0\u00a0\u00a0 Romegoux<\/li>\n\n\n\n<li>Le mercredi 9 avril \u00a0\u00a0\u00a0\u00a0\u00a0\u00a0\u00a0\u00a0\u00a0\u00a0 \u00a0\u00a0 \u00a0\u00a0 \u00e0 17h30\u00a0\u00a0\u00a0\u00a0\u00a0\u00a0\u00a0\u00a0\u00a0\u00a0 Saint Sulpice<\/li>\n\n\n\n<li>Le vendredi 18 avril \u00a0\u00a0\u00a0\u00a0\u00a0\u00a0\u00a0 \u00a0\u00a0\u00a0\u00a0 \u00a0 \u00e0 17h00 \u00a0\u00a0\u00a0\u00a0\u00a0\u00a0\u00a0\u00a0\u00a0 Pont l\u2019Abb\u00e9<\/li>\n<\/ul>\n\n\n\n<p><\/p>\n\n\n\n<p><\/p>\n\n\n\n<p>3. <strong>Temps fort du car\u00eame&nbsp;(C\u00e9l\u00e9bration p\u00e9nitentielle et confession individuelle)&nbsp;:<\/strong><\/p>\n\n\n\n<ul class=\"wp-block-list\">\n<li>Mercredi, le 16 avril, 18h00 \u00e0 Saint Porchaire.<\/li>\n<\/ul>\n","protected":false},"excerpt":{"rendered":"<p>1. Car\u00eame 2025 Bol de riz : Extrait de la lettre du Pape Fran\u00e7ois pour le car\u00eame&nbsp;: \u00ab&nbsp;Avec le signe p\u00e9nitentiel des&nbsp;cendres&nbsp;sur la t\u00eate, nous commen\u00e7ons le&nbsp;p\u00e8lerinage&nbsp;annuel du Saint&nbsp;Car\u00eame&nbsp;dans la [&hellip;]<\/p>\n","protected":false},"author":63,"featured_media":12766,"comment_status":"open","ping_status":"open","sticky":false,"template":"","format":"standard","meta":{"_et_pb_use_builder":"off","_et_pb_old_content":"","_et_gb_content_width":"","footnotes":""},"categories":[6,24,40,44,33],"tags":[],"class_list":["post-12765","post","type-post","status-publish","format-standard","has-post-thumbnail","hentry","category-actualite","category-annonces","category-careme","category-convivialite","category-paroisse"],"_links":{"self":[{"href":"https:\/\/catholiques17.fr\/pontlabbesaintporchaire\/wp-json\/wp\/v2\/posts\/12765","targetHints":{"allow":["GET"]}}],"collection":[{"href":"https:\/\/catholiques17.fr\/pontlabbesaintporchaire\/wp-json\/wp\/v2\/posts"}],"about":[{"href":"https:\/\/catholiques17.fr\/pontlabbesaintporchaire\/wp-json\/wp\/v2\/types\/post"}],"author":[{"embeddable":true,"href":"https:\/\/catholiques17.fr\/pontlabbesaintporchaire\/wp-json\/wp\/v2\/users\/63"}],"replies":[{"embeddable":true,"href":"https:\/\/catholiques17.fr\/pontlabbesaintporchaire\/wp-json\/wp\/v2\/comments?post=12765"}],"version-history":[{"count":4,"href":"https:\/\/catholiques17.fr\/pontlabbesaintporchaire\/wp-json\/wp\/v2\/posts\/12765\/revisions"}],"predecessor-version":[{"id":12803,"href":"https:\/\/catholiques17.fr\/pontlabbesaintporchaire\/wp-json\/wp\/v2\/posts\/12765\/revisions\/12803"}],"wp:featuredmedia":[{"embeddable":true,"href":"https:\/\/catholiques17.fr\/pontlabbesaintporchaire\/wp-json\/wp\/v2\/media\/12766"}],"wp:attachment":[{"href":"https:\/\/catholiques17.fr\/pontlabbesaintporchaire\/wp-json\/wp\/v2\/media?parent=12765"}],"wp:term":[{"taxonomy":"category","embeddable":true,"href":"https:\/\/catholiques17.fr\/pontlabbesaintporchaire\/wp-json\/wp\/v2\/categories?post=12765"},{"taxonomy":"post_tag","embeddable":true,"href":"https:\/\/catholiques17.fr\/pontlabbesaintporchaire\/wp-json\/wp\/v2\/tags?post=12765"}],"curies":[{"name":"wp","href":"https:\/\/api.w.org\/{rel}","templated":true}]}}