{"id":12746,"date":"2025-03-04T10:43:12","date_gmt":"2025-03-04T09:43:12","guid":{"rendered":"https:\/\/catholiques17.fr\/pontlabbesaintporchaire\/?p=12746"},"modified":"2025-03-04T10:43:14","modified_gmt":"2025-03-04T09:43:14","slug":"prions-pour-notre-pape-francois","status":"publish","type":"post","link":"https:\/\/catholiques17.fr\/pontlabbesaintporchaire\/2025\/03\/04\/prions-pour-notre-pape-francois\/","title":{"rendered":"Prions pour notre pape Fran\u00e7ois !"},"content":{"rendered":"\n<div style=\"height:100px\" aria-hidden=\"true\" class=\"wp-block-spacer\"><\/div>\n\n\n\n<h3 class=\"wp-block-heading\">Les paroisses et les chr\u00e9tiens du dioc\u00e8se de La Rochelle sont invit\u00e9s \u00e0 prier tout sp\u00e9cialement en ces jours pour le pape Fran\u00e7ois, pour le Peuple de Dieu qui lui est confi\u00e9, ainsi que pour tous les malades et les personnes qui souffrent.<\/h3>\n\n\n\n<p>Depuis le vendredi 13 f\u00e9vrier 2025, le pape Fran\u00e7ois est hospitalis\u00e9 \u00e0 l\u2019h\u00f4pital Gemelli pour une pneumonie.Apr\u00e8s une \u00ab&nbsp;<em>crise respiratoire asthmatique prolong\u00e9e&nbsp;\u00bb&nbsp;<\/em>le Samedi 22 f\u00e9vrier<em>,<\/em>&nbsp;le pape a eu besoin d\u2019oxyg\u00e8ne et des transfusions sanguines. Depuis, son \u00e9tat reste pr\u00e9occupant et complexe, mais il&nbsp;ne se trouve plus dans un \u00e9tat \u00ab critique \u00bb, le pronostic des m\u00e9decins restant r\u00e9serv\u00e9.<\/p>\n\n\n\n<p>Tous les soirs \u00e0 partir du 24 f\u00e9vrier, la pri\u00e8re du chapelet sera r\u00e9cit\u00e9e \u00e0 21h sur la Place Saint-Pierre, pour la sant\u00e9 du pape. La pri\u00e8re d\u2019aujourd\u2019hui du 24 favrier sera pr\u00e9sid\u00e9e par le cardinal Pietro Parolin, et pourra \u00eatre suivie&nbsp;<a href=\"https:\/\/www.youtube.com\/watch?v=_tUqvN9xfHo\"><strong>en direct sur KTO<\/strong><\/a>.<\/p>\n\n\n\n<div style=\"height:100px\" aria-hidden=\"true\" class=\"wp-block-spacer\"><\/div>\n\n\n\n<div class=\"wp-block-buttons is-content-justification-center is-layout-flex wp-container-core-buttons-is-layout-16018d1d wp-block-buttons-is-layout-flex\">\n<div class=\"wp-block-button\"><a class=\"wp-block-button__link wp-element-button\" href=\"https:\/\/catholiques17.fr\/prions-pour-le-pape-francois\/\" target=\"_blank\" rel=\"noreferrer noopener\">Pour plus d&rsquo;informations<\/a><\/div>\n<\/div>\n","protected":false},"excerpt":{"rendered":"<p>Les paroisses et les chr\u00e9tiens du dioc\u00e8se de La Rochelle sont invit\u00e9s \u00e0 prier tout sp\u00e9cialement en ces jours pour le pape Fran\u00e7ois, pour le Peuple de Dieu qui lui [&hellip;]<\/p>\n","protected":false},"author":63,"featured_media":12747,"comment_status":"open","ping_status":"open","sticky":false,"template":"","format":"standard","meta":{"_et_pb_use_builder":"off","_et_pb_old_content":"","_et_gb_content_width":"","footnotes":""},"categories":[6,24,23,22],"tags":[],"class_list":["post-12746","post","type-post","status-publish","format-standard","has-post-thumbnail","hentry","category-actualite","category-annonces","category-diocese","category-pape-francois"],"_links":{"self":[{"href":"https:\/\/catholiques17.fr\/pontlabbesaintporchaire\/wp-json\/wp\/v2\/posts\/12746","targetHints":{"allow":["GET"]}}],"collection":[{"href":"https:\/\/catholiques17.fr\/pontlabbesaintporchaire\/wp-json\/wp\/v2\/posts"}],"about":[{"href":"https:\/\/catholiques17.fr\/pontlabbesaintporchaire\/wp-json\/wp\/v2\/types\/post"}],"author":[{"embeddable":true,"href":"https:\/\/catholiques17.fr\/pontlabbesaintporchaire\/wp-json\/wp\/v2\/users\/63"}],"replies":[{"embeddable":true,"href":"https:\/\/catholiques17.fr\/pontlabbesaintporchaire\/wp-json\/wp\/v2\/comments?post=12746"}],"version-history":[{"count":1,"href":"https:\/\/catholiques17.fr\/pontlabbesaintporchaire\/wp-json\/wp\/v2\/posts\/12746\/revisions"}],"predecessor-version":[{"id":12748,"href":"https:\/\/catholiques17.fr\/pontlabbesaintporchaire\/wp-json\/wp\/v2\/posts\/12746\/revisions\/12748"}],"wp:featuredmedia":[{"embeddable":true,"href":"https:\/\/catholiques17.fr\/pontlabbesaintporchaire\/wp-json\/wp\/v2\/media\/12747"}],"wp:attachment":[{"href":"https:\/\/catholiques17.fr\/pontlabbesaintporchaire\/wp-json\/wp\/v2\/media?parent=12746"}],"wp:term":[{"taxonomy":"category","embeddable":true,"href":"https:\/\/catholiques17.fr\/pontlabbesaintporchaire\/wp-json\/wp\/v2\/categories?post=12746"},{"taxonomy":"post_tag","embeddable":true,"href":"https:\/\/catholiques17.fr\/pontlabbesaintporchaire\/wp-json\/wp\/v2\/tags?post=12746"}],"curies":[{"name":"wp","href":"https:\/\/api.w.org\/{rel}","templated":true}]}}