{"id":12687,"date":"2025-02-22T12:31:29","date_gmt":"2025-02-22T11:31:29","guid":{"rendered":"https:\/\/catholiques17.fr\/pontlabbesaintporchaire\/?p=12687"},"modified":"2025-02-22T12:31:40","modified_gmt":"2025-02-22T11:31:40","slug":"le-festival-chretien-continue-sa-route","status":"publish","type":"post","link":"https:\/\/catholiques17.fr\/pontlabbesaintporchaire\/2025\/02\/22\/le-festival-chretien-continue-sa-route\/","title":{"rendered":"Le Festival Chr\u00e9tien : continue sa route &#8230;!"},"content":{"rendered":"\n<div style=\"height:100px\" aria-hidden=\"true\" class=\"wp-block-spacer\"><\/div>\n\n\n\n<p>Le Festival chr\u00e9tien du pays-rochefortais vous invite au th\u00e9\u00e2tre avec la pi\u00e8ce magnifique : Piaf, Un Cri vers Dieu . La repr\u00e9sentation unique aura lieu le <strong>dimanche 2 mars \u00e0 partir de 15h00<\/strong>, \u00e0 l&rsquo;Espace Th\u00e9\u00e2tral et Culturel de Breuil Magn\u00e9 \u00e9quip\u00e9 de fauteuils tout neuf !<\/p>\n\n\n\n<p>La pi\u00e8ce de th\u00e9\u00e2tre, jou\u00e9e et chant\u00e9e, est interpr\u00e9t\u00e9e par le biographe, \u00e9crivain et acteur Pierre Fesquet, la chanteuse Yamina Abdou et l&rsquo;accord\u00e9oniste Thierry Bretonnet. Elle nous pr\u00e9sente la vie tumultueuse de l&rsquo;artiste Edith Piaf, tant aim\u00e9e des Fran\u00e7ais, racont\u00e9e par le prisme de sa Foi, si importante tout au long de son existence.<\/p>\n\n\n\n<p>La repr\u00e9sentation sera suivie de la d\u00e9dicace par Pierre Fesquet de son ouvrage Piaf, un cri vers Dieu, et par un verre de l&rsquo;amiti\u00e9 convivial.<\/p>\n\n\n\n<p><strong>R\u00e9servation obligatoire aupr\u00e8s des offices de tourisme de Rochefort et Fouras et sur le site www.rochefort-ocean.fr. Entr\u00e9e 18.00 \u20ac, tarif r\u00e9duit 12.00 \u20ac.<\/strong><\/p>\n","protected":false},"excerpt":{"rendered":"<p>Le Festival chr\u00e9tien du pays-rochefortais vous invite au th\u00e9\u00e2tre avec la pi\u00e8ce magnifique : Piaf, Un Cri vers Dieu . La repr\u00e9sentation unique aura lieu le dimanche 2 mars \u00e0 [&hellip;]<\/p>\n","protected":false},"author":63,"featured_media":12688,"comment_status":"open","ping_status":"open","sticky":false,"template":"","format":"standard","meta":{"_et_pb_use_builder":"off","_et_pb_old_content":"","_et_gb_content_width":"","footnotes":""},"categories":[6,24,35,23],"tags":[],"class_list":["post-12687","post","type-post","status-publish","format-standard","has-post-thumbnail","hentry","category-actualite","category-annonces","category-concert","category-diocese"],"_links":{"self":[{"href":"https:\/\/catholiques17.fr\/pontlabbesaintporchaire\/wp-json\/wp\/v2\/posts\/12687","targetHints":{"allow":["GET"]}}],"collection":[{"href":"https:\/\/catholiques17.fr\/pontlabbesaintporchaire\/wp-json\/wp\/v2\/posts"}],"about":[{"href":"https:\/\/catholiques17.fr\/pontlabbesaintporchaire\/wp-json\/wp\/v2\/types\/post"}],"author":[{"embeddable":true,"href":"https:\/\/catholiques17.fr\/pontlabbesaintporchaire\/wp-json\/wp\/v2\/users\/63"}],"replies":[{"embeddable":true,"href":"https:\/\/catholiques17.fr\/pontlabbesaintporchaire\/wp-json\/wp\/v2\/comments?post=12687"}],"version-history":[{"count":1,"href":"https:\/\/catholiques17.fr\/pontlabbesaintporchaire\/wp-json\/wp\/v2\/posts\/12687\/revisions"}],"predecessor-version":[{"id":12689,"href":"https:\/\/catholiques17.fr\/pontlabbesaintporchaire\/wp-json\/wp\/v2\/posts\/12687\/revisions\/12689"}],"wp:featuredmedia":[{"embeddable":true,"href":"https:\/\/catholiques17.fr\/pontlabbesaintporchaire\/wp-json\/wp\/v2\/media\/12688"}],"wp:attachment":[{"href":"https:\/\/catholiques17.fr\/pontlabbesaintporchaire\/wp-json\/wp\/v2\/media?parent=12687"}],"wp:term":[{"taxonomy":"category","embeddable":true,"href":"https:\/\/catholiques17.fr\/pontlabbesaintporchaire\/wp-json\/wp\/v2\/categories?post=12687"},{"taxonomy":"post_tag","embeddable":true,"href":"https:\/\/catholiques17.fr\/pontlabbesaintporchaire\/wp-json\/wp\/v2\/tags?post=12687"}],"curies":[{"name":"wp","href":"https:\/\/api.w.org\/{rel}","templated":true}]}}