{"id":12202,"date":"2025-01-03T21:46:39","date_gmt":"2025-01-03T20:46:39","guid":{"rendered":"https:\/\/catholiques17.fr\/pontlabbesaintporchaire\/?p=12202"},"modified":"2025-01-03T21:46:50","modified_gmt":"2025-01-03T20:46:50","slug":"en-route-vers-le-jubile-2025-le-pelerinage","status":"publish","type":"post","link":"https:\/\/catholiques17.fr\/pontlabbesaintporchaire\/2025\/01\/03\/en-route-vers-le-jubile-2025-le-pelerinage\/","title":{"rendered":"En route vers le Jubil\u00e9 2025 \u2013 le p\u00e8lerinage"},"content":{"rendered":"\n<div style=\"height:100px\" aria-hidden=\"true\" class=\"wp-block-spacer\"><\/div>\n\n\n\n<p>Alors que l\u2019Ann\u00e9e Sainte vient d\u2019\u00eatre solennellement ouverte<br>par le pape Fran\u00e7ois dans la nuit de No\u00ebl,<br>partons en p\u00e8lerinage, laissons-nous d\u00e9placer,<br>prenons conscience que toute notre vie est un p\u00e8lerinage !<\/p>\n\n\n\n<div style=\"height:100px\" aria-hidden=\"true\" class=\"wp-block-spacer\"><\/div>\n\n\n\n<div class=\"wp-block-buttons is-content-justification-center is-layout-flex wp-container-core-buttons-is-layout-16018d1d wp-block-buttons-is-layout-flex\">\n<div class=\"wp-block-button\"><a class=\"wp-block-button__link wp-element-button\" href=\"https:\/\/catholiques17.fr\/en-route-vers-le-jubile-2025-le-pelerinage\/\" target=\"_blank\" rel=\"noreferrer noopener\">Pour plus d&rsquo;informations<\/a><\/div>\n<\/div>\n","protected":false},"excerpt":{"rendered":"<p>Alors que l\u2019Ann\u00e9e Sainte vient d\u2019\u00eatre solennellement ouvertepar le pape Fran\u00e7ois dans la nuit de No\u00ebl,partons en p\u00e8lerinage, laissons-nous d\u00e9placer,prenons conscience que toute notre vie est un p\u00e8lerinage !<\/p>\n","protected":false},"author":63,"featured_media":12204,"comment_status":"open","ping_status":"open","sticky":false,"template":"","format":"standard","meta":{"_et_pb_use_builder":"off","_et_pb_old_content":"","_et_gb_content_width":"","footnotes":""},"categories":[6,24,23,36],"tags":[],"class_list":["post-12202","post","type-post","status-publish","format-standard","has-post-thumbnail","hentry","category-actualite","category-annonces","category-diocese","category-pelerinage"],"_links":{"self":[{"href":"https:\/\/catholiques17.fr\/pontlabbesaintporchaire\/wp-json\/wp\/v2\/posts\/12202","targetHints":{"allow":["GET"]}}],"collection":[{"href":"https:\/\/catholiques17.fr\/pontlabbesaintporchaire\/wp-json\/wp\/v2\/posts"}],"about":[{"href":"https:\/\/catholiques17.fr\/pontlabbesaintporchaire\/wp-json\/wp\/v2\/types\/post"}],"author":[{"embeddable":true,"href":"https:\/\/catholiques17.fr\/pontlabbesaintporchaire\/wp-json\/wp\/v2\/users\/63"}],"replies":[{"embeddable":true,"href":"https:\/\/catholiques17.fr\/pontlabbesaintporchaire\/wp-json\/wp\/v2\/comments?post=12202"}],"version-history":[{"count":1,"href":"https:\/\/catholiques17.fr\/pontlabbesaintporchaire\/wp-json\/wp\/v2\/posts\/12202\/revisions"}],"predecessor-version":[{"id":12205,"href":"https:\/\/catholiques17.fr\/pontlabbesaintporchaire\/wp-json\/wp\/v2\/posts\/12202\/revisions\/12205"}],"wp:featuredmedia":[{"embeddable":true,"href":"https:\/\/catholiques17.fr\/pontlabbesaintporchaire\/wp-json\/wp\/v2\/media\/12204"}],"wp:attachment":[{"href":"https:\/\/catholiques17.fr\/pontlabbesaintporchaire\/wp-json\/wp\/v2\/media?parent=12202"}],"wp:term":[{"taxonomy":"category","embeddable":true,"href":"https:\/\/catholiques17.fr\/pontlabbesaintporchaire\/wp-json\/wp\/v2\/categories?post=12202"},{"taxonomy":"post_tag","embeddable":true,"href":"https:\/\/catholiques17.fr\/pontlabbesaintporchaire\/wp-json\/wp\/v2\/tags?post=12202"}],"curies":[{"name":"wp","href":"https:\/\/api.w.org\/{rel}","templated":true}]}}