{"id":12158,"date":"2024-12-27T17:24:06","date_gmt":"2024-12-27T16:24:06","guid":{"rendered":"https:\/\/catholiques17.fr\/pontlabbesaintporchaire\/?p=12158"},"modified":"2024-12-27T17:24:07","modified_gmt":"2024-12-27T16:24:07","slug":"joyeux-et-saint-noel-bon-jubile","status":"publish","type":"post","link":"https:\/\/catholiques17.fr\/pontlabbesaintporchaire\/2024\/12\/27\/joyeux-et-saint-noel-bon-jubile\/","title":{"rendered":"Joyeux et saint No\u00ebl, bon Jubil\u00e9 !"},"content":{"rendered":"\n<div style=\"height:100px\" aria-hidden=\"true\" class=\"wp-block-spacer\"><\/div>\n\n\n\n<blockquote class=\"wp-block-quote has-text-align-center has-white-color has-light-green-cyan-background-color has-text-color has-background has-link-color wp-elements-c85d0101c7166ece470bc3987c05e00e is-layout-flow wp-block-quote-is-layout-flow\">\n<p class=\"has-text-align-center\">Ne craignez pas,<br>car voici que je vous annonce une bonne nouvelle,<br>qui sera une grande joie pour tout le peuple :<br>Aujourd\u2019hui, dans la ville de David,<br>vous est n\u00e9 un Sauveur<br>qui est le Christ, le Seigneur.<br>Et voici le signe qui vous est donn\u00e9 :<br>vous trouverez un nouveau-n\u00e9<br>emmaillot\u00e9 et couch\u00e9 dans une mangeoire.<\/p>\n<cite>Lc 2, 10-12<\/cite><\/blockquote>\n\n\n\n<div style=\"height:100px\" aria-hidden=\"true\" class=\"wp-block-spacer\"><\/div>\n\n\n\n<p>Avec le pape Fran\u00e7ois, entrons ce soir dans l\u2019Ann\u00e9e Sainte,<br>et approchons-nous de ce nouveau-n\u00e9,<br>notre Sauveur, pleins d\u2019esp\u00e9rance !<br>\u00ad<\/p>\n\n\n\n<p>Bonne et sainte f\u00eate de No\u00ebl<br>bonne entr\u00e9e dans le Jubil\u00e9 2025 !<\/p>\n\n\n\n<div style=\"height:100px\" aria-hidden=\"true\" class=\"wp-block-spacer\"><\/div>\n\n\n\n<div class=\"wp-block-buttons is-content-justification-center is-layout-flex wp-container-core-buttons-is-layout-16018d1d wp-block-buttons-is-layout-flex\">\n<div class=\"wp-block-button\"><a class=\"wp-block-button__link wp-element-button\" href=\"https:\/\/catholiques17.fr\/joyeux-et-saint-noel-bon-jubile\/\" target=\"_blank\" rel=\"noreferrer noopener\">Pour plus d&rsquo;informations<\/a><\/div>\n<\/div>\n","protected":false},"excerpt":{"rendered":"<p>Ne craignez pas,car voici que je vous annonce une bonne nouvelle,qui sera une grande joie pour tout le peuple :Aujourd\u2019hui, dans la ville de David,vous est n\u00e9 un Sauveurqui est [&hellip;]<\/p>\n","protected":false},"author":63,"featured_media":12159,"comment_status":"open","ping_status":"open","sticky":false,"template":"","format":"standard","meta":{"_et_pb_use_builder":"off","_et_pb_old_content":"","_et_gb_content_width":"","footnotes":""},"categories":[6,24,23,22],"tags":[],"class_list":["post-12158","post","type-post","status-publish","format-standard","has-post-thumbnail","hentry","category-actualite","category-annonces","category-diocese","category-pape-francois"],"_links":{"self":[{"href":"https:\/\/catholiques17.fr\/pontlabbesaintporchaire\/wp-json\/wp\/v2\/posts\/12158","targetHints":{"allow":["GET"]}}],"collection":[{"href":"https:\/\/catholiques17.fr\/pontlabbesaintporchaire\/wp-json\/wp\/v2\/posts"}],"about":[{"href":"https:\/\/catholiques17.fr\/pontlabbesaintporchaire\/wp-json\/wp\/v2\/types\/post"}],"author":[{"embeddable":true,"href":"https:\/\/catholiques17.fr\/pontlabbesaintporchaire\/wp-json\/wp\/v2\/users\/63"}],"replies":[{"embeddable":true,"href":"https:\/\/catholiques17.fr\/pontlabbesaintporchaire\/wp-json\/wp\/v2\/comments?post=12158"}],"version-history":[{"count":1,"href":"https:\/\/catholiques17.fr\/pontlabbesaintporchaire\/wp-json\/wp\/v2\/posts\/12158\/revisions"}],"predecessor-version":[{"id":12160,"href":"https:\/\/catholiques17.fr\/pontlabbesaintporchaire\/wp-json\/wp\/v2\/posts\/12158\/revisions\/12160"}],"wp:featuredmedia":[{"embeddable":true,"href":"https:\/\/catholiques17.fr\/pontlabbesaintporchaire\/wp-json\/wp\/v2\/media\/12159"}],"wp:attachment":[{"href":"https:\/\/catholiques17.fr\/pontlabbesaintporchaire\/wp-json\/wp\/v2\/media?parent=12158"}],"wp:term":[{"taxonomy":"category","embeddable":true,"href":"https:\/\/catholiques17.fr\/pontlabbesaintporchaire\/wp-json\/wp\/v2\/categories?post=12158"},{"taxonomy":"post_tag","embeddable":true,"href":"https:\/\/catholiques17.fr\/pontlabbesaintporchaire\/wp-json\/wp\/v2\/tags?post=12158"}],"curies":[{"name":"wp","href":"https:\/\/api.w.org\/{rel}","templated":true}]}}