{"id":11947,"date":"2024-11-22T18:59:12","date_gmt":"2024-11-22T17:59:12","guid":{"rendered":"https:\/\/catholiques17.fr\/pontlabbesaintporchaire\/?p=11947"},"modified":"2024-11-22T18:59:14","modified_gmt":"2024-11-22T17:59:14","slug":"synode-sur-la-synodalite-le-document-final-est-publie-en-francais","status":"publish","type":"post","link":"https:\/\/catholiques17.fr\/pontlabbesaintporchaire\/2024\/11\/22\/synode-sur-la-synodalite-le-document-final-est-publie-en-francais\/","title":{"rendered":"Synode sur la synodalit\u00e9 : le document final est publi\u00e9 en Fran\u00e7ais !"},"content":{"rendered":"\n<div style=\"height:100px\" aria-hidden=\"true\" class=\"wp-block-spacer\"><\/div>\n\n\n\n<p>Ce samedi 26 octobre, le Pape Fran\u00e7ois a remerci\u00e9 les plus de 350 p\u00e8res et m\u00e8res synodaux pour leur travail \u00e0 l\u2019occasion de cette deuxi\u00e8me assembl\u00e9e synodale tenue depuis le 2 octobre au Vatican. Le document final du synode est pour lui comme \u00able fruit de plusieurs ann\u00e9es, au moins trois, au cours desquelles nous nous sommes mis \u00e0 l\u2019\u00e9coute du Peuple de Dieu\u00bb.<\/p>\n\n\n\n<p>Le document final vot\u00e9 ce samedi 26 octobre est d\u00e9sormais publi\u00e9 en Fran\u00e7ais !<\/p>\n\n\n\n<div style=\"height:100px\" aria-hidden=\"true\" class=\"wp-block-spacer\"><\/div>\n\n\n\n<div class=\"wp-block-buttons is-content-justification-center is-layout-flex wp-container-core-buttons-is-layout-16018d1d wp-block-buttons-is-layout-flex\">\n<div class=\"wp-block-button\"><a class=\"wp-block-button__link wp-element-button\" href=\"https:\/\/catholiques17.fr\/synode-sur-la-synodalite-le-document-final-est-publie\/\">Pour plus d&rsquo;informations<\/a><\/div>\n<\/div>\n","protected":false},"excerpt":{"rendered":"<p>Ce samedi 26 octobre, le Pape Fran\u00e7ois a remerci\u00e9 les plus de 350 p\u00e8res et m\u00e8res synodaux pour leur travail \u00e0 l\u2019occasion de cette deuxi\u00e8me assembl\u00e9e synodale tenue depuis le [&hellip;]<\/p>\n","protected":false},"author":63,"featured_media":11948,"comment_status":"open","ping_status":"open","sticky":false,"template":"","format":"standard","meta":{"_et_pb_use_builder":"off","_et_pb_old_content":"","_et_gb_content_width":"","footnotes":""},"categories":[6,24,22],"tags":[],"class_list":["post-11947","post","type-post","status-publish","format-standard","has-post-thumbnail","hentry","category-actualite","category-annonces","category-pape-francois"],"_links":{"self":[{"href":"https:\/\/catholiques17.fr\/pontlabbesaintporchaire\/wp-json\/wp\/v2\/posts\/11947","targetHints":{"allow":["GET"]}}],"collection":[{"href":"https:\/\/catholiques17.fr\/pontlabbesaintporchaire\/wp-json\/wp\/v2\/posts"}],"about":[{"href":"https:\/\/catholiques17.fr\/pontlabbesaintporchaire\/wp-json\/wp\/v2\/types\/post"}],"author":[{"embeddable":true,"href":"https:\/\/catholiques17.fr\/pontlabbesaintporchaire\/wp-json\/wp\/v2\/users\/63"}],"replies":[{"embeddable":true,"href":"https:\/\/catholiques17.fr\/pontlabbesaintporchaire\/wp-json\/wp\/v2\/comments?post=11947"}],"version-history":[{"count":1,"href":"https:\/\/catholiques17.fr\/pontlabbesaintporchaire\/wp-json\/wp\/v2\/posts\/11947\/revisions"}],"predecessor-version":[{"id":11949,"href":"https:\/\/catholiques17.fr\/pontlabbesaintporchaire\/wp-json\/wp\/v2\/posts\/11947\/revisions\/11949"}],"wp:featuredmedia":[{"embeddable":true,"href":"https:\/\/catholiques17.fr\/pontlabbesaintporchaire\/wp-json\/wp\/v2\/media\/11948"}],"wp:attachment":[{"href":"https:\/\/catholiques17.fr\/pontlabbesaintporchaire\/wp-json\/wp\/v2\/media?parent=11947"}],"wp:term":[{"taxonomy":"category","embeddable":true,"href":"https:\/\/catholiques17.fr\/pontlabbesaintporchaire\/wp-json\/wp\/v2\/categories?post=11947"},{"taxonomy":"post_tag","embeddable":true,"href":"https:\/\/catholiques17.fr\/pontlabbesaintporchaire\/wp-json\/wp\/v2\/tags?post=11947"}],"curies":[{"name":"wp","href":"https:\/\/api.w.org\/{rel}","templated":true}]}}