{"id":11434,"date":"2024-09-07T09:56:22","date_gmt":"2024-09-07T07:56:22","guid":{"rendered":"https:\/\/catholiques17.fr\/pontlabbesaintporchaire\/?p=11434"},"modified":"2024-09-07T09:56:23","modified_gmt":"2024-09-07T07:56:23","slug":"le-pape-francois-en-asie-du-sud-est","status":"publish","type":"post","link":"https:\/\/catholiques17.fr\/pontlabbesaintporchaire\/2024\/09\/07\/le-pape-francois-en-asie-du-sud-est\/","title":{"rendered":"Le pape Fran\u00e7ois en Asie du Sud-Est"},"content":{"rendered":"\n<div style=\"height:100px\" aria-hidden=\"true\" class=\"wp-block-spacer\"><\/div>\n\n\n\n<p>En ce mois de septembre, le pape Fran\u00e7ois participe \u00e0 son 45e voyage apostolique, le plus long : il se rendra en Indon\u00e9sie, en Papouasie-Nouvelle-Guin\u00e9e, au Timor oriental et \u00e0 Singapour, pendant douze jours, pour son sixi\u00e8me voyage en Asie du Sud-Est.<\/p>\n\n\n\n<div style=\"height:100px\" aria-hidden=\"true\" class=\"wp-block-spacer\"><\/div>\n\n\n\n<div class=\"wp-block-buttons is-content-justification-center is-layout-flex wp-container-core-buttons-is-layout-16018d1d wp-block-buttons-is-layout-flex\">\n<div class=\"wp-block-button\"><a class=\"wp-block-button__link wp-element-button\" href=\"https:\/\/catholiques17.fr\/le-pape-francois-en-asie-du-sud-est\/\" target=\"_blank\" rel=\"noreferrer noopener\">Retrouvez ici les \u00e9tapes de ce voyage !<\/a><\/div>\n<\/div>\n","protected":false},"excerpt":{"rendered":"<p>En ce mois de septembre, le pape Fran\u00e7ois participe \u00e0 son 45e voyage apostolique, le plus long : il se rendra en Indon\u00e9sie, en Papouasie-Nouvelle-Guin\u00e9e, au Timor oriental et \u00e0 [&hellip;]<\/p>\n","protected":false},"author":63,"featured_media":11435,"comment_status":"open","ping_status":"open","sticky":false,"template":"","format":"standard","meta":{"_et_pb_use_builder":"off","_et_pb_old_content":"","_et_gb_content_width":"","footnotes":""},"categories":[6,24,22],"tags":[],"class_list":["post-11434","post","type-post","status-publish","format-standard","has-post-thumbnail","hentry","category-actualite","category-annonces","category-pape-francois"],"_links":{"self":[{"href":"https:\/\/catholiques17.fr\/pontlabbesaintporchaire\/wp-json\/wp\/v2\/posts\/11434","targetHints":{"allow":["GET"]}}],"collection":[{"href":"https:\/\/catholiques17.fr\/pontlabbesaintporchaire\/wp-json\/wp\/v2\/posts"}],"about":[{"href":"https:\/\/catholiques17.fr\/pontlabbesaintporchaire\/wp-json\/wp\/v2\/types\/post"}],"author":[{"embeddable":true,"href":"https:\/\/catholiques17.fr\/pontlabbesaintporchaire\/wp-json\/wp\/v2\/users\/63"}],"replies":[{"embeddable":true,"href":"https:\/\/catholiques17.fr\/pontlabbesaintporchaire\/wp-json\/wp\/v2\/comments?post=11434"}],"version-history":[{"count":1,"href":"https:\/\/catholiques17.fr\/pontlabbesaintporchaire\/wp-json\/wp\/v2\/posts\/11434\/revisions"}],"predecessor-version":[{"id":11436,"href":"https:\/\/catholiques17.fr\/pontlabbesaintporchaire\/wp-json\/wp\/v2\/posts\/11434\/revisions\/11436"}],"wp:featuredmedia":[{"embeddable":true,"href":"https:\/\/catholiques17.fr\/pontlabbesaintporchaire\/wp-json\/wp\/v2\/media\/11435"}],"wp:attachment":[{"href":"https:\/\/catholiques17.fr\/pontlabbesaintporchaire\/wp-json\/wp\/v2\/media?parent=11434"}],"wp:term":[{"taxonomy":"category","embeddable":true,"href":"https:\/\/catholiques17.fr\/pontlabbesaintporchaire\/wp-json\/wp\/v2\/categories?post=11434"},{"taxonomy":"post_tag","embeddable":true,"href":"https:\/\/catholiques17.fr\/pontlabbesaintporchaire\/wp-json\/wp\/v2\/tags?post=11434"}],"curies":[{"name":"wp","href":"https:\/\/api.w.org\/{rel}","templated":true}]}}