{"id":11431,"date":"2024-09-07T09:54:15","date_gmt":"2024-09-07T07:54:15","guid":{"rendered":"https:\/\/catholiques17.fr\/pontlabbesaintporchaire\/?p=11431"},"modified":"2024-09-07T09:54:17","modified_gmt":"2024-09-07T07:54:17","slug":"soutenons-le-burkina-faso","status":"publish","type":"post","link":"https:\/\/catholiques17.fr\/pontlabbesaintporchaire\/2024\/09\/07\/soutenons-le-burkina-faso\/","title":{"rendered":"Soutenons le Burkina Faso !"},"content":{"rendered":"\n<div style=\"height:100px\" aria-hidden=\"true\" class=\"wp-block-spacer\"><\/div>\n\n\n\n<p>Barsalogho, au nord du Burkina Faso a \u00e9t\u00e9 le th\u00e9\u00e2tre, le 24 ao\u00fbt dernier, de l\u2019attaque terroriste la plus meurtri\u00e8re de l\u2019histoire du pays. 300 \u00e0 400 personnes ont \u00e9t\u00e9 tu\u00e9es dans un attentat revendiqu\u00e9 par le GSIM (groupe affili\u00e9 \u00e0 Al-Qaida).<\/p>\n\n\n\n<p>Dimanche 1er septembre, le Pape Fran\u00e7ois a partag\u00e9 sa peine : \u00ab&nbsp;<em>C\u2019est avec tristesse que j\u2019ai appris que le samedi 24 ao\u00fbt, dans la commune de Barsalogho, au Burkina Faso, des centaines de personnes, dont des femmes et des enfants, ont \u00e9t\u00e9 tu\u00e9es et de nombreuses autres bless\u00e9es lors d\u2019une attaque terroriste&nbsp;<\/em>\u00bb<\/p>\n\n\n\n<p>\u00ab<em>En condamnant ces attaques odieuses contre la vie humaine, j\u2019exprime ma sympathie \u00e0 toute la nation et mes sinc\u00e8res condol\u00e9ances aux familles des victimes<\/em>\u00bb a encore expliqu\u00e9 le Pape qui a demand\u00e9 que la Vierge Marie&nbsp;\u00ab<em>aide le peuple bien-aim\u00e9 du Burkina Faso \u00e0 retrouver la paix et la s\u00e9curit\u00e9<\/em>\u00bb.<\/p>\n\n\n\n<div style=\"height:100px\" aria-hidden=\"true\" class=\"wp-block-spacer\"><\/div>\n\n\n\n<div class=\"wp-block-buttons is-content-justification-center is-layout-flex wp-container-core-buttons-is-layout-16018d1d wp-block-buttons-is-layout-flex\">\n<div class=\"wp-block-button\"><a class=\"wp-block-button__link wp-element-button\" href=\"https:\/\/catholiques17.fr\/soutenons-le-burkina-faso\/\" target=\"_blank\" rel=\"noreferrer noopener\">Pour plus d&rsquo;informations<\/a><\/div>\n<\/div>\n","protected":false},"excerpt":{"rendered":"<p>Barsalogho, au nord du Burkina Faso a \u00e9t\u00e9 le th\u00e9\u00e2tre, le 24 ao\u00fbt dernier, de l\u2019attaque terroriste la plus meurtri\u00e8re de l\u2019histoire du pays. 300 \u00e0 400 personnes ont \u00e9t\u00e9 [&hellip;]<\/p>\n","protected":false},"author":63,"featured_media":11432,"comment_status":"open","ping_status":"open","sticky":false,"template":"","format":"standard","meta":{"_et_pb_use_builder":"off","_et_pb_old_content":"","_et_gb_content_width":"","footnotes":""},"categories":[6,24,22,25],"tags":[],"class_list":["post-11431","post","type-post","status-publish","format-standard","has-post-thumbnail","hentry","category-actualite","category-annonces","category-pape-francois","category-solidarite"],"_links":{"self":[{"href":"https:\/\/catholiques17.fr\/pontlabbesaintporchaire\/wp-json\/wp\/v2\/posts\/11431","targetHints":{"allow":["GET"]}}],"collection":[{"href":"https:\/\/catholiques17.fr\/pontlabbesaintporchaire\/wp-json\/wp\/v2\/posts"}],"about":[{"href":"https:\/\/catholiques17.fr\/pontlabbesaintporchaire\/wp-json\/wp\/v2\/types\/post"}],"author":[{"embeddable":true,"href":"https:\/\/catholiques17.fr\/pontlabbesaintporchaire\/wp-json\/wp\/v2\/users\/63"}],"replies":[{"embeddable":true,"href":"https:\/\/catholiques17.fr\/pontlabbesaintporchaire\/wp-json\/wp\/v2\/comments?post=11431"}],"version-history":[{"count":1,"href":"https:\/\/catholiques17.fr\/pontlabbesaintporchaire\/wp-json\/wp\/v2\/posts\/11431\/revisions"}],"predecessor-version":[{"id":11433,"href":"https:\/\/catholiques17.fr\/pontlabbesaintporchaire\/wp-json\/wp\/v2\/posts\/11431\/revisions\/11433"}],"wp:featuredmedia":[{"embeddable":true,"href":"https:\/\/catholiques17.fr\/pontlabbesaintporchaire\/wp-json\/wp\/v2\/media\/11432"}],"wp:attachment":[{"href":"https:\/\/catholiques17.fr\/pontlabbesaintporchaire\/wp-json\/wp\/v2\/media?parent=11431"}],"wp:term":[{"taxonomy":"category","embeddable":true,"href":"https:\/\/catholiques17.fr\/pontlabbesaintporchaire\/wp-json\/wp\/v2\/categories?post=11431"},{"taxonomy":"post_tag","embeddable":true,"href":"https:\/\/catholiques17.fr\/pontlabbesaintporchaire\/wp-json\/wp\/v2\/tags?post=11431"}],"curies":[{"name":"wp","href":"https:\/\/api.w.org\/{rel}","templated":true}]}}