{"id":11272,"date":"2024-07-27T15:17:00","date_gmt":"2024-07-27T13:17:00","guid":{"rendered":"https:\/\/catholiques17.fr\/pontlabbesaintporchaire\/?p=11272"},"modified":"2024-07-27T15:17:01","modified_gmt":"2024-07-27T13:17:01","slug":"dimanche-28-juillet-journee-mondiale-des-grands-parents-et-des-personnes-agees","status":"publish","type":"post","link":"https:\/\/catholiques17.fr\/pontlabbesaintporchaire\/2024\/07\/27\/dimanche-28-juillet-journee-mondiale-des-grands-parents-et-des-personnes-agees\/","title":{"rendered":"Dimanche 28 juillet : journ\u00e9e mondiale des grands-parents et des personnes \u00e2g\u00e9es."},"content":{"rendered":"\n<div style=\"height:100px\" aria-hidden=\"true\" class=\"wp-block-spacer\"><\/div>\n\n\n\n<p><br>En valorisant les charismes des grands-parents et des personnes \u00e2g\u00e9es et leur contribution \u00e0 la vie de l\u2019\u00c9glise, la c\u00e9l\u00e9bration de cette Journ\u00e9e entend favoriser l\u2019engagement de chaque communaut\u00e9 eccl\u00e9siale dans la construction de liens entre les g\u00e9n\u00e9rations et dans la lutte contre la solitude, consciente que, comme le souligne l\u2019\u00c9criture : \u00ab Il n\u2019est pas bon que l\u2019homme soit seul \u00bb (Gn 2,18).<\/p>\n\n\n\n<p>Que cette journ\u00e9e devienne une occasion de t\u00e9moignage de l\u2019importance des liens familiaux et de la&nbsp;<em>\u00ab<\/em>&nbsp;richesse&nbsp;<em>\u00bb<\/em>&nbsp;que nos a\u00een\u00e9s repr\u00e9sentent dans nos communaut\u00e9s paroissiales !<\/p>\n\n\n\n<div style=\"height:100px\" aria-hidden=\"true\" class=\"wp-block-spacer\"><\/div>\n\n\n\n<div class=\"wp-block-buttons is-content-justification-center is-layout-flex wp-container-core-buttons-is-layout-16018d1d wp-block-buttons-is-layout-flex\">\n<div class=\"wp-block-button\"><a class=\"wp-block-button__link wp-element-button\" href=\"https:\/\/catholiques17.fr\/dimanche-28-juillet-journee-mondiale-des-grands-parents\/\" target=\"_blank\" rel=\"noreferrer noopener\">Pour en savoir plus<\/a><\/div>\n<\/div>\n","protected":false},"excerpt":{"rendered":"<p>En valorisant les charismes des grands-parents et des personnes \u00e2g\u00e9es et leur contribution \u00e0 la vie de l\u2019\u00c9glise, la c\u00e9l\u00e9bration de cette Journ\u00e9e entend favoriser l\u2019engagement de chaque communaut\u00e9 eccl\u00e9siale [&hellip;]<\/p>\n","protected":false},"author":63,"featured_media":11273,"comment_status":"open","ping_status":"open","sticky":false,"template":"","format":"standard","meta":{"_et_pb_use_builder":"off","_et_pb_old_content":"","_et_gb_content_width":"","footnotes":""},"categories":[6,24,23,22],"tags":[],"class_list":["post-11272","post","type-post","status-publish","format-standard","has-post-thumbnail","hentry","category-actualite","category-annonces","category-diocese","category-pape-francois"],"_links":{"self":[{"href":"https:\/\/catholiques17.fr\/pontlabbesaintporchaire\/wp-json\/wp\/v2\/posts\/11272","targetHints":{"allow":["GET"]}}],"collection":[{"href":"https:\/\/catholiques17.fr\/pontlabbesaintporchaire\/wp-json\/wp\/v2\/posts"}],"about":[{"href":"https:\/\/catholiques17.fr\/pontlabbesaintporchaire\/wp-json\/wp\/v2\/types\/post"}],"author":[{"embeddable":true,"href":"https:\/\/catholiques17.fr\/pontlabbesaintporchaire\/wp-json\/wp\/v2\/users\/63"}],"replies":[{"embeddable":true,"href":"https:\/\/catholiques17.fr\/pontlabbesaintporchaire\/wp-json\/wp\/v2\/comments?post=11272"}],"version-history":[{"count":1,"href":"https:\/\/catholiques17.fr\/pontlabbesaintporchaire\/wp-json\/wp\/v2\/posts\/11272\/revisions"}],"predecessor-version":[{"id":11274,"href":"https:\/\/catholiques17.fr\/pontlabbesaintporchaire\/wp-json\/wp\/v2\/posts\/11272\/revisions\/11274"}],"wp:featuredmedia":[{"embeddable":true,"href":"https:\/\/catholiques17.fr\/pontlabbesaintporchaire\/wp-json\/wp\/v2\/media\/11273"}],"wp:attachment":[{"href":"https:\/\/catholiques17.fr\/pontlabbesaintporchaire\/wp-json\/wp\/v2\/media?parent=11272"}],"wp:term":[{"taxonomy":"category","embeddable":true,"href":"https:\/\/catholiques17.fr\/pontlabbesaintporchaire\/wp-json\/wp\/v2\/categories?post=11272"},{"taxonomy":"post_tag","embeddable":true,"href":"https:\/\/catholiques17.fr\/pontlabbesaintporchaire\/wp-json\/wp\/v2\/tags?post=11272"}],"curies":[{"name":"wp","href":"https:\/\/api.w.org\/{rel}","templated":true}]}}