{"id":11245,"date":"2024-07-20T20:32:55","date_gmt":"2024-07-20T18:32:55","guid":{"rendered":"https:\/\/catholiques17.fr\/pontlabbesaintporchaire\/?p=11245"},"modified":"2024-07-20T20:32:57","modified_gmt":"2024-07-20T18:32:57","slug":"pelerinage-en-algerie-sur-les-traces-des-martyrs-dhier-et-daujourdhui","status":"publish","type":"post","link":"https:\/\/catholiques17.fr\/pontlabbesaintporchaire\/2024\/07\/20\/pelerinage-en-algerie-sur-les-traces-des-martyrs-dhier-et-daujourdhui\/","title":{"rendered":"P\u00e8lerinage en Alg\u00e9rie, sur les traces des martyrs d\u2019hier et d\u2019aujourd\u2019hui"},"content":{"rendered":"\n<div style=\"height:100px\" aria-hidden=\"true\" class=\"wp-block-spacer\"><\/div>\n\n\n\n<p>Propos\u00e9 par le dioc\u00e8se de La Rochelle, sous la conduite du p\u00e8re Pascal-Gr\u00e9goire Delage, cur\u00e9 de la paroisse Notre-Dame-de-l\u2019Estuaire, et accompagn\u00e9 par Mme Monique Besset, directrice des p\u00e8lerinages.<\/p>\n\n\n\n<p>\u00ab INSCRIRE NOS PAS DANS LES PAS DES MARTYRS D\u2019HIER ET D\u2019AUJOURD\u2019HUI \u00bb<br>DU MARDI 5 AU JEUDI 14 NOVEMBRE 2024<\/p>\n\n\n\n<div style=\"height:100px\" aria-hidden=\"true\" class=\"wp-block-spacer\"><\/div>\n\n\n\n<div class=\"wp-block-buttons is-content-justification-center is-layout-flex wp-container-core-buttons-is-layout-16018d1d wp-block-buttons-is-layout-flex\">\n<div class=\"wp-block-button\"><a class=\"wp-block-button__link wp-element-button\" href=\"https:\/\/catholiques17.fr\/pelerinage-en-algerie-sur-les-traces-des-martyrs-dhier-et-daujourdhui\/\" target=\"_blank\" rel=\"noreferrer noopener\">Pour en savoir plus<\/a><\/div>\n<\/div>\n","protected":false},"excerpt":{"rendered":"<p>Propos\u00e9 par le dioc\u00e8se de La Rochelle, sous la conduite du p\u00e8re Pascal-Gr\u00e9goire Delage, cur\u00e9 de la paroisse Notre-Dame-de-l\u2019Estuaire, et accompagn\u00e9 par Mme Monique Besset, directrice des p\u00e8lerinages. \u00ab INSCRIRE [&hellip;]<\/p>\n","protected":false},"author":63,"featured_media":11246,"comment_status":"open","ping_status":"open","sticky":false,"template":"","format":"standard","meta":{"_et_pb_use_builder":"off","_et_pb_old_content":"","_et_gb_content_width":"","footnotes":""},"categories":[6,24,23,36],"tags":[],"class_list":["post-11245","post","type-post","status-publish","format-standard","has-post-thumbnail","hentry","category-actualite","category-annonces","category-diocese","category-pelerinage"],"_links":{"self":[{"href":"https:\/\/catholiques17.fr\/pontlabbesaintporchaire\/wp-json\/wp\/v2\/posts\/11245","targetHints":{"allow":["GET"]}}],"collection":[{"href":"https:\/\/catholiques17.fr\/pontlabbesaintporchaire\/wp-json\/wp\/v2\/posts"}],"about":[{"href":"https:\/\/catholiques17.fr\/pontlabbesaintporchaire\/wp-json\/wp\/v2\/types\/post"}],"author":[{"embeddable":true,"href":"https:\/\/catholiques17.fr\/pontlabbesaintporchaire\/wp-json\/wp\/v2\/users\/63"}],"replies":[{"embeddable":true,"href":"https:\/\/catholiques17.fr\/pontlabbesaintporchaire\/wp-json\/wp\/v2\/comments?post=11245"}],"version-history":[{"count":1,"href":"https:\/\/catholiques17.fr\/pontlabbesaintporchaire\/wp-json\/wp\/v2\/posts\/11245\/revisions"}],"predecessor-version":[{"id":11247,"href":"https:\/\/catholiques17.fr\/pontlabbesaintporchaire\/wp-json\/wp\/v2\/posts\/11245\/revisions\/11247"}],"wp:featuredmedia":[{"embeddable":true,"href":"https:\/\/catholiques17.fr\/pontlabbesaintporchaire\/wp-json\/wp\/v2\/media\/11246"}],"wp:attachment":[{"href":"https:\/\/catholiques17.fr\/pontlabbesaintporchaire\/wp-json\/wp\/v2\/media?parent=11245"}],"wp:term":[{"taxonomy":"category","embeddable":true,"href":"https:\/\/catholiques17.fr\/pontlabbesaintporchaire\/wp-json\/wp\/v2\/categories?post=11245"},{"taxonomy":"post_tag","embeddable":true,"href":"https:\/\/catholiques17.fr\/pontlabbesaintporchaire\/wp-json\/wp\/v2\/tags?post=11245"}],"curies":[{"name":"wp","href":"https:\/\/api.w.org\/{rel}","templated":true}]}}