{"id":11242,"date":"2024-07-20T20:30:07","date_gmt":"2024-07-20T18:30:07","guid":{"rendered":"https:\/\/catholiques17.fr\/pontlabbesaintporchaire\/?p=11242"},"modified":"2024-07-20T20:30:11","modified_gmt":"2024-07-20T18:30:11","slug":"un-pelerinage-a-rome-pour-le-jubile-2025","status":"publish","type":"post","link":"https:\/\/catholiques17.fr\/pontlabbesaintporchaire\/2024\/07\/20\/un-pelerinage-a-rome-pour-le-jubile-2025\/","title":{"rendered":"Un p\u00e8lerinage \u00e0 Rome pour le Jubil\u00e9 2025"},"content":{"rendered":"\n<div style=\"height:100px\" aria-hidden=\"true\" class=\"wp-block-spacer\"><\/div>\n\n\n\n<p><strong>2025<\/strong>&nbsp;approche \u00e0 grands pas, et avec elle, l\u2019occasion exceptionnelle de vivre l\u2019<strong>ann\u00e9e Jubilaire<\/strong>&nbsp;\u00e0 Rome. Cette ann\u00e9e particuli\u00e8re, connue \u00e9galement sous le nom de l\u2019<strong>Ann\u00e9e Sainte<\/strong>, est une invitation \u00e0 la r\u00e9flexion, au partage et au renouvellement de la foi. En vue de l\u2019Ann\u00e9e Sainte 2025, la devise choisie par le Pape est \u00ab P\u00e8lerins d\u2019esp\u00e9rance \u00bb.<\/p>\n\n\n\n<p>Les \u00e9v\u00eaques des cinq dioc\u00e8ses de la Province de Poitiers vous proposent de participer \u00e0 un p\u00e8lerinage \u00e0 Rome, du 24 au 28 f\u00e9vrier, pour y vivre pleinement cette d\u00e9marche jubilaire.<\/p>\n\n\n\n<div style=\"height:100px\" aria-hidden=\"true\" class=\"wp-block-spacer\"><\/div>\n\n\n\n<div class=\"wp-block-buttons is-content-justification-center is-layout-flex wp-container-core-buttons-is-layout-16018d1d wp-block-buttons-is-layout-flex\">\n<div class=\"wp-block-button\"><a class=\"wp-block-button__link wp-element-button\" href=\"https:\/\/catholiques17.fr\/un-pelerinage-a-rome-pour-le-jubile-2025\/\" target=\"_blank\" rel=\"noreferrer noopener\">Pour en savoir plus<\/a><\/div>\n<\/div>\n","protected":false},"excerpt":{"rendered":"<p>2025&nbsp;approche \u00e0 grands pas, et avec elle, l\u2019occasion exceptionnelle de vivre l\u2019ann\u00e9e Jubilaire&nbsp;\u00e0 Rome. Cette ann\u00e9e particuli\u00e8re, connue \u00e9galement sous le nom de l\u2019Ann\u00e9e Sainte, est une invitation \u00e0 la [&hellip;]<\/p>\n","protected":false},"author":63,"featured_media":11243,"comment_status":"open","ping_status":"open","sticky":false,"template":"","format":"standard","meta":{"_et_pb_use_builder":"off","_et_pb_old_content":"","_et_gb_content_width":"","footnotes":""},"categories":[6,24,23,36],"tags":[],"class_list":["post-11242","post","type-post","status-publish","format-standard","has-post-thumbnail","hentry","category-actualite","category-annonces","category-diocese","category-pelerinage"],"_links":{"self":[{"href":"https:\/\/catholiques17.fr\/pontlabbesaintporchaire\/wp-json\/wp\/v2\/posts\/11242","targetHints":{"allow":["GET"]}}],"collection":[{"href":"https:\/\/catholiques17.fr\/pontlabbesaintporchaire\/wp-json\/wp\/v2\/posts"}],"about":[{"href":"https:\/\/catholiques17.fr\/pontlabbesaintporchaire\/wp-json\/wp\/v2\/types\/post"}],"author":[{"embeddable":true,"href":"https:\/\/catholiques17.fr\/pontlabbesaintporchaire\/wp-json\/wp\/v2\/users\/63"}],"replies":[{"embeddable":true,"href":"https:\/\/catholiques17.fr\/pontlabbesaintporchaire\/wp-json\/wp\/v2\/comments?post=11242"}],"version-history":[{"count":1,"href":"https:\/\/catholiques17.fr\/pontlabbesaintporchaire\/wp-json\/wp\/v2\/posts\/11242\/revisions"}],"predecessor-version":[{"id":11244,"href":"https:\/\/catholiques17.fr\/pontlabbesaintporchaire\/wp-json\/wp\/v2\/posts\/11242\/revisions\/11244"}],"wp:featuredmedia":[{"embeddable":true,"href":"https:\/\/catholiques17.fr\/pontlabbesaintporchaire\/wp-json\/wp\/v2\/media\/11243"}],"wp:attachment":[{"href":"https:\/\/catholiques17.fr\/pontlabbesaintporchaire\/wp-json\/wp\/v2\/media?parent=11242"}],"wp:term":[{"taxonomy":"category","embeddable":true,"href":"https:\/\/catholiques17.fr\/pontlabbesaintporchaire\/wp-json\/wp\/v2\/categories?post=11242"},{"taxonomy":"post_tag","embeddable":true,"href":"https:\/\/catholiques17.fr\/pontlabbesaintporchaire\/wp-json\/wp\/v2\/tags?post=11242"}],"curies":[{"name":"wp","href":"https:\/\/api.w.org\/{rel}","templated":true}]}}