{"id":11236,"date":"2024-07-20T20:25:00","date_gmt":"2024-07-20T18:25:00","guid":{"rendered":"https:\/\/catholiques17.fr\/pontlabbesaintporchaire\/?p=11236"},"modified":"2024-07-20T20:25:01","modified_gmt":"2024-07-20T18:25:01","slug":"fetons-saint-jacques-de-fontcouverte-a-st-eutrope","status":"publish","type":"post","link":"https:\/\/catholiques17.fr\/pontlabbesaintporchaire\/2024\/07\/20\/fetons-saint-jacques-de-fontcouverte-a-st-eutrope\/","title":{"rendered":"F\u00eatons saint Jacques, de Fontcouverte \u00e0 St-Eutrope"},"content":{"rendered":"\n<div style=\"height:100px\" aria-hidden=\"true\" class=\"wp-block-spacer\"><\/div>\n\n\n\n<p>La paroisse de Saintes rive Gauche vous invite \u00e0 f\u00eater saint Jacques, l\u2019ap\u00f4tre v\u00e9n\u00e9r\u00e9 \u00e0 Compostelle, dont les chemins traversent notre dioc\u00e8se.<\/p>\n\n\n\n<p>Rendez-vous pour une marche de 10 km de Fontcouverte \u00e0 la basilique Saint-Eutrope \u00e0 Saintes pour cette journ\u00e9e de f\u00eate ! Vous pouvez aussi nous rejoindre directement \u00e0 la basilique pour la messe.<\/p>\n\n\n\n<div style=\"height:100px\" aria-hidden=\"true\" class=\"wp-block-spacer\"><\/div>\n\n\n\n<div class=\"wp-block-buttons is-content-justification-center is-layout-flex wp-container-core-buttons-is-layout-16018d1d wp-block-buttons-is-layout-flex\">\n<div class=\"wp-block-button\"><a class=\"wp-block-button__link wp-element-button\" href=\"https:\/\/catholiques17.fr\/fetons-saint-jacques-de-fontcouverte-a-st-eutrope\/\" target=\"_blank\" rel=\"noreferrer noopener\">Pour en savoir plus<\/a><\/div>\n<\/div>\n","protected":false},"excerpt":{"rendered":"<p>La paroisse de Saintes rive Gauche vous invite \u00e0 f\u00eater saint Jacques, l\u2019ap\u00f4tre v\u00e9n\u00e9r\u00e9 \u00e0 Compostelle, dont les chemins traversent notre dioc\u00e8se. Rendez-vous pour une marche de 10 km de [&hellip;]<\/p>\n","protected":false},"author":63,"featured_media":11237,"comment_status":"open","ping_status":"open","sticky":false,"template":"","format":"standard","meta":{"_et_pb_use_builder":"off","_et_pb_old_content":"","_et_gb_content_width":"","footnotes":""},"categories":[6,24,44,23,36],"tags":[],"class_list":["post-11236","post","type-post","status-publish","format-standard","has-post-thumbnail","hentry","category-actualite","category-annonces","category-convivialite","category-diocese","category-pelerinage"],"_links":{"self":[{"href":"https:\/\/catholiques17.fr\/pontlabbesaintporchaire\/wp-json\/wp\/v2\/posts\/11236","targetHints":{"allow":["GET"]}}],"collection":[{"href":"https:\/\/catholiques17.fr\/pontlabbesaintporchaire\/wp-json\/wp\/v2\/posts"}],"about":[{"href":"https:\/\/catholiques17.fr\/pontlabbesaintporchaire\/wp-json\/wp\/v2\/types\/post"}],"author":[{"embeddable":true,"href":"https:\/\/catholiques17.fr\/pontlabbesaintporchaire\/wp-json\/wp\/v2\/users\/63"}],"replies":[{"embeddable":true,"href":"https:\/\/catholiques17.fr\/pontlabbesaintporchaire\/wp-json\/wp\/v2\/comments?post=11236"}],"version-history":[{"count":1,"href":"https:\/\/catholiques17.fr\/pontlabbesaintporchaire\/wp-json\/wp\/v2\/posts\/11236\/revisions"}],"predecessor-version":[{"id":11238,"href":"https:\/\/catholiques17.fr\/pontlabbesaintporchaire\/wp-json\/wp\/v2\/posts\/11236\/revisions\/11238"}],"wp:featuredmedia":[{"embeddable":true,"href":"https:\/\/catholiques17.fr\/pontlabbesaintporchaire\/wp-json\/wp\/v2\/media\/11237"}],"wp:attachment":[{"href":"https:\/\/catholiques17.fr\/pontlabbesaintporchaire\/wp-json\/wp\/v2\/media?parent=11236"}],"wp:term":[{"taxonomy":"category","embeddable":true,"href":"https:\/\/catholiques17.fr\/pontlabbesaintporchaire\/wp-json\/wp\/v2\/categories?post=11236"},{"taxonomy":"post_tag","embeddable":true,"href":"https:\/\/catholiques17.fr\/pontlabbesaintporchaire\/wp-json\/wp\/v2\/tags?post=11236"}],"curies":[{"name":"wp","href":"https:\/\/api.w.org\/{rel}","templated":true}]}}