{"id":11086,"date":"2024-06-21T11:33:13","date_gmt":"2024-06-21T09:33:13","guid":{"rendered":"https:\/\/catholiques17.fr\/pontlabbesaintporchaire\/?p=11086"},"modified":"2024-06-21T11:36:12","modified_gmt":"2024-06-21T09:36:12","slug":"le-pele-vtt-2024-la-haute-saintonge-mise-a-lhonneur","status":"publish","type":"post","link":"https:\/\/catholiques17.fr\/pontlabbesaintporchaire\/2024\/06\/21\/le-pele-vtt-2024-la-haute-saintonge-mise-a-lhonneur\/","title":{"rendered":"Le pel\u00e9 VTT 2024 : la Haute-Saintonge mise \u00e0 l\u2019honneur !"},"content":{"rendered":"\n<div style=\"height:100px\" aria-hidden=\"true\" class=\"wp-block-spacer\"><\/div>\n\n\n\n<p><br>C\u2019est une nouvelle \u00e9dition du pel\u00e9 VTT, route de Charente- Maritime, qui commencera ce samedi 17 ao\u00fbt (pr\u00e9-camp pour l\u2019encadrement des jeunes), et qui verra ses effectifs au complet d\u00e8s le lendemain, sur le premier lieu de campement \u00e0 Saint Aigulin.<\/p>\n\n\n\n<p>Coll\u00e9giens, lyc\u00e9ens, jeunes animateurs (\u00e9tudiants ou jeunes pro) vivront ce pel\u00e9 VTT avec des pr\u00eatres, s\u00e9minaristes, religieuses ainsi qu\u2019une dynamique \u00e9quipe de TTV (comprenez les \u201ctr\u00e8s tr\u00e8s vieux\u201d, ou les \u201ctr\u00e8s tr\u00e8s vaillants\u201d), pr\u00e9sents tout au long du camp pour sa gestion quotidienne et logistique. Ce sont pr\u00e8s d\u2019une centaine de personnes qui vivront ensemble ce camp itin\u00e9rant,\u2026 une grande aventure humaine, sportive mais surtout spirituelle !<\/p>\n\n\n\n<div style=\"height:100px\" aria-hidden=\"true\" class=\"wp-block-spacer\"><\/div>\n\n\n\n<div class=\"wp-block-buttons is-content-justification-center is-layout-flex wp-container-core-buttons-is-layout-16018d1d wp-block-buttons-is-layout-flex\">\n<div class=\"wp-block-button\"><a class=\"wp-block-button__link wp-element-button\" href=\"https:\/\/catholiques17.fr\/le-pele-vtt-2024-la-haute-saintonge-mise-a-lhonneur\/\" target=\"_blank\" rel=\"noreferrer noopener\">Pour en savoir plus<\/a><\/div>\n<\/div>\n","protected":false},"excerpt":{"rendered":"<p>C\u2019est une nouvelle \u00e9dition du pel\u00e9 VTT, route de Charente- Maritime, qui commencera ce samedi 17 ao\u00fbt (pr\u00e9-camp pour l\u2019encadrement des jeunes), et qui verra ses effectifs au complet d\u00e8s [&hellip;]<\/p>\n","protected":false},"author":63,"featured_media":11087,"comment_status":"open","ping_status":"open","sticky":false,"template":"","format":"standard","meta":{"_et_pb_use_builder":"off","_et_pb_old_content":"","_et_gb_content_width":"","footnotes":""},"categories":[6,24,44,23,27,36],"tags":[],"class_list":["post-11086","post","type-post","status-publish","format-standard","has-post-thumbnail","hentry","category-actualite","category-annonces","category-convivialite","category-diocese","category-jeunes","category-pelerinage"],"_links":{"self":[{"href":"https:\/\/catholiques17.fr\/pontlabbesaintporchaire\/wp-json\/wp\/v2\/posts\/11086","targetHints":{"allow":["GET"]}}],"collection":[{"href":"https:\/\/catholiques17.fr\/pontlabbesaintporchaire\/wp-json\/wp\/v2\/posts"}],"about":[{"href":"https:\/\/catholiques17.fr\/pontlabbesaintporchaire\/wp-json\/wp\/v2\/types\/post"}],"author":[{"embeddable":true,"href":"https:\/\/catholiques17.fr\/pontlabbesaintporchaire\/wp-json\/wp\/v2\/users\/63"}],"replies":[{"embeddable":true,"href":"https:\/\/catholiques17.fr\/pontlabbesaintporchaire\/wp-json\/wp\/v2\/comments?post=11086"}],"version-history":[{"count":1,"href":"https:\/\/catholiques17.fr\/pontlabbesaintporchaire\/wp-json\/wp\/v2\/posts\/11086\/revisions"}],"predecessor-version":[{"id":11088,"href":"https:\/\/catholiques17.fr\/pontlabbesaintporchaire\/wp-json\/wp\/v2\/posts\/11086\/revisions\/11088"}],"wp:featuredmedia":[{"embeddable":true,"href":"https:\/\/catholiques17.fr\/pontlabbesaintporchaire\/wp-json\/wp\/v2\/media\/11087"}],"wp:attachment":[{"href":"https:\/\/catholiques17.fr\/pontlabbesaintporchaire\/wp-json\/wp\/v2\/media?parent=11086"}],"wp:term":[{"taxonomy":"category","embeddable":true,"href":"https:\/\/catholiques17.fr\/pontlabbesaintporchaire\/wp-json\/wp\/v2\/categories?post=11086"},{"taxonomy":"post_tag","embeddable":true,"href":"https:\/\/catholiques17.fr\/pontlabbesaintporchaire\/wp-json\/wp\/v2\/tags?post=11086"}],"curies":[{"name":"wp","href":"https:\/\/api.w.org\/{rel}","templated":true}]}}