{"id":10710,"date":"2024-05-03T20:06:54","date_gmt":"2024-05-03T18:06:54","guid":{"rendered":"https:\/\/catholiques17.fr\/pontlabbesaintporchaire\/?p=10710"},"modified":"2024-05-03T20:10:10","modified_gmt":"2024-05-03T18:10:10","slug":"pentecote-2024-pelerinage-pour-les-vocations","status":"publish","type":"post","link":"https:\/\/catholiques17.fr\/pontlabbesaintporchaire\/2024\/05\/03\/pentecote-2024-pelerinage-pour-les-vocations\/","title":{"rendered":"Pentec\u00f4te 2024 : p\u00e8lerinage pour les vocations"},"content":{"rendered":"\n<div style=\"height:100px\" aria-hidden=\"true\" class=\"wp-block-spacer\"><\/div>\n\n\n\n<h3 class=\"wp-block-heading\">Les \u00e9v\u00eaques de la Province de Poitiers invitent tous les chr\u00e9tiens de Poitou-Charentes et du Limousin \u00e0 prier pour les vocations. Pour cela, ils leur donnent rendez-vous les 19 et 20 mai 2024, dimanche et lundi de Pentec\u00f4te, \u00e0 Rochefort et \u00e0 l\u2019\u00cele Madame, pour un p\u00e8lerinage provincial.<\/h3>\n\n\n\n<div style=\"height:54px\" aria-hidden=\"true\" class=\"wp-block-spacer\"><\/div>\n\n\n\n<h3 class=\"wp-block-heading\"><a href=\"https:\/\/catholiques17.fr\/save-the-date-pentecote-2024-pelerinage-pour-les-vocations\/\" data-type=\"link\" data-id=\"https:\/\/catholiques17.fr\/save-the-date-pentecote-2024-pelerinage-pour-les-vocations\/\" target=\"_blank\" rel=\"noreferrer noopener\"><em>D\u00e9couvrez le programme et inscrivez-vous pour ces journ\u00e9es, en cliquant ici !<\/em><\/a><\/h3>\n\n\n\n<p><\/p>\n\n\n\n<div style=\"height:100px\" aria-hidden=\"true\" class=\"wp-block-spacer\"><\/div>\n","protected":false},"excerpt":{"rendered":"<p>Les \u00e9v\u00eaques de la Province de Poitiers invitent tous les chr\u00e9tiens de Poitou-Charentes et du Limousin \u00e0 prier pour les vocations. Pour cela, ils leur donnent rendez-vous les 19 et [&hellip;]<\/p>\n","protected":false},"author":59,"featured_media":10711,"comment_status":"open","ping_status":"open","sticky":false,"template":"","format":"standard","meta":{"_et_pb_use_builder":"off","_et_pb_old_content":"","_et_gb_content_width":"","footnotes":""},"categories":[6,24,23,19,36],"tags":[],"class_list":["post-10710","post","type-post","status-publish","format-standard","has-post-thumbnail","hentry","category-actualite","category-annonces","category-diocese","category-liturgie","category-pelerinage"],"_links":{"self":[{"href":"https:\/\/catholiques17.fr\/pontlabbesaintporchaire\/wp-json\/wp\/v2\/posts\/10710","targetHints":{"allow":["GET"]}}],"collection":[{"href":"https:\/\/catholiques17.fr\/pontlabbesaintporchaire\/wp-json\/wp\/v2\/posts"}],"about":[{"href":"https:\/\/catholiques17.fr\/pontlabbesaintporchaire\/wp-json\/wp\/v2\/types\/post"}],"author":[{"embeddable":true,"href":"https:\/\/catholiques17.fr\/pontlabbesaintporchaire\/wp-json\/wp\/v2\/users\/59"}],"replies":[{"embeddable":true,"href":"https:\/\/catholiques17.fr\/pontlabbesaintporchaire\/wp-json\/wp\/v2\/comments?post=10710"}],"version-history":[{"count":2,"href":"https:\/\/catholiques17.fr\/pontlabbesaintporchaire\/wp-json\/wp\/v2\/posts\/10710\/revisions"}],"predecessor-version":[{"id":10714,"href":"https:\/\/catholiques17.fr\/pontlabbesaintporchaire\/wp-json\/wp\/v2\/posts\/10710\/revisions\/10714"}],"wp:featuredmedia":[{"embeddable":true,"href":"https:\/\/catholiques17.fr\/pontlabbesaintporchaire\/wp-json\/wp\/v2\/media\/10711"}],"wp:attachment":[{"href":"https:\/\/catholiques17.fr\/pontlabbesaintporchaire\/wp-json\/wp\/v2\/media?parent=10710"}],"wp:term":[{"taxonomy":"category","embeddable":true,"href":"https:\/\/catholiques17.fr\/pontlabbesaintporchaire\/wp-json\/wp\/v2\/categories?post=10710"},{"taxonomy":"post_tag","embeddable":true,"href":"https:\/\/catholiques17.fr\/pontlabbesaintporchaire\/wp-json\/wp\/v2\/tags?post=10710"}],"curies":[{"name":"wp","href":"https:\/\/api.w.org\/{rel}","templated":true}]}}