{"id":10524,"date":"2024-03-29T10:40:57","date_gmt":"2024-03-29T09:40:57","guid":{"rendered":"https:\/\/catholiques17.fr\/pontlabbesaintporchaire\/?p=10524"},"modified":"2024-03-29T10:41:40","modified_gmt":"2024-03-29T09:41:40","slug":"le-pape-invite-a-ne-pas-se-fatiguer-de-demander-pardon","status":"publish","type":"post","link":"https:\/\/catholiques17.fr\/pontlabbesaintporchaire\/2024\/03\/29\/le-pape-invite-a-ne-pas-se-fatiguer-de-demander-pardon\/","title":{"rendered":"Le Pape invite \u00e0 ne pas se fatiguer de demander pardon"},"content":{"rendered":"\n<div style=\"height:46px\" aria-hidden=\"true\" class=\"wp-block-spacer\"><\/div>\n\n\n\n<p><strong>Devant des d\u00e9tenues, le Pape invite \u00e0 ne pas se fatiguer de demander pardon<\/strong><\/p>\n\n\n\n<p>Le Pape Fran\u00e7ois a pr\u00e9sid\u00e9 la messe du Jeudi Saint, appel\u00e9e in Coena Domini dans la prison pour femmes de Rebibbia \u00e0 Rome. Devant une assembl\u00e9e compos\u00e9e des d\u00e9tenues et du personnel p\u00e9nitentiaire, le Saint-P\u00e8re a insist\u00e9 sur la n\u00e9cessit\u00e9 de demander pardon \u00e0 Dieu et de l\u2019imiter dans la vocation du service.<\/p>\n\n\n\n<p>Comme en 2023, Fran\u00e7ois a c\u00e9l\u00e9br\u00e9 la messe du Jeudi Saint dans une prison, celle de Rebibbia \u00e0 Rome. Sous une grande tente, dans la cour centre p\u00e9nitentiaire, il a pr\u00e9sid\u00e9 la messe en pr\u00e9sence de 200 personnes dont les femmes d\u00e9tenues, leurs proches, d\u2019anciennes d\u00e9tenues et le personnel du centre carc\u00e9ral. La prison pour femmes de Rebibbia compte 370 d\u00e9tenues, et est l\u2019un des deux grands centres de la capitale italienne.<\/p>\n\n\n\n<p><strong>J\u00e9sus pardonne tout, pardonne toujours&nbsp;<\/strong><\/p>\n\n\n\n<p>Le Souverain pontife est arriv\u00e9 dans l&rsquo;apr\u00e8s-midi \u00e0 la prison et a salu\u00e9 les femmes dans l&rsquo;assembl\u00e9e, avant de prendre place pr\u00e8s de l&rsquo;autel dress\u00e9 pour l&rsquo;occasion. Apr\u00e8s la lecture de l\u2019\u00c9vangile de la C\u00e8ne, le dernier repas du Christ, tir\u00e9 du r\u00e9cit de saint Jean, Fran\u00e7ois a voulu attirer l\u2019attention sur deux moments particuliers.<\/p>\n\n\n\n<p>D\u2019abord, le lavement des pieds des disciples par J\u00e9sus avant le dernier repas. \u00ab<em>J\u00e9sus s\u2019humilie avec le geste du lavement des pieds<\/em>\u00bb, explique Fran\u00e7ois. \u00ab<em>Avec ce geste, il nous fait comprendre le sens de sa venue: il n\u2019est pas venu pour \u00eatre servi mais pour servir<\/em>\u00bb a-t-il poursuivi.<\/p>\n\n\n\n<p>Ensuite, Fran\u00e7ois s\u2019arr\u00eate sur l\u2019\u00e9pisode de la trahison de Judas. \u00ab<em>C\u2019est l\u2019\u00e9go\u00efsme et l\u2019argent qui le poussent \u00e0 faire ce geste malheureux<\/em>\u00bb assure-t-il, mais c&rsquo;est un geste qui a permis au Christ de montrer son amour absolu. \u00ab<em>J\u00e9sus pardonne tout, pardonne toujours<\/em>, insiste le Saint-P\u00e8re,&nbsp;<em>c\u2019est \u00e0 nous de demander pardon<\/em>\u00bb.<\/p>\n\n\n\n<div style=\"height:48px\" aria-hidden=\"true\" class=\"wp-block-spacer\"><\/div>\n\n\n\n<p><a href=\"https:\/\/www.vaticannews.va\/fr.html\" target=\"_blank\" rel=\"noreferrer noopener\">Pour suivre l&rsquo;actualit\u00e9 du Vatican, cliquez ici<\/a><\/p>\n","protected":false},"excerpt":{"rendered":"<p>Devant des d\u00e9tenues, le Pape invite \u00e0 ne pas se fatiguer de demander pardon Le Pape Fran\u00e7ois a pr\u00e9sid\u00e9 la messe du Jeudi Saint, appel\u00e9e in Coena Domini dans la [&hellip;]<\/p>\n","protected":false},"author":59,"featured_media":10525,"comment_status":"open","ping_status":"open","sticky":false,"template":"","format":"standard","meta":{"_et_pb_use_builder":"off","_et_pb_old_content":"","_et_gb_content_width":"","footnotes":""},"categories":[6,40,21,22],"tags":[],"class_list":["post-10524","post","type-post","status-publish","format-standard","has-post-thumbnail","hentry","category-actualite","category-careme","category-eglise-universelle","category-pape-francois"],"_links":{"self":[{"href":"https:\/\/catholiques17.fr\/pontlabbesaintporchaire\/wp-json\/wp\/v2\/posts\/10524","targetHints":{"allow":["GET"]}}],"collection":[{"href":"https:\/\/catholiques17.fr\/pontlabbesaintporchaire\/wp-json\/wp\/v2\/posts"}],"about":[{"href":"https:\/\/catholiques17.fr\/pontlabbesaintporchaire\/wp-json\/wp\/v2\/types\/post"}],"author":[{"embeddable":true,"href":"https:\/\/catholiques17.fr\/pontlabbesaintporchaire\/wp-json\/wp\/v2\/users\/59"}],"replies":[{"embeddable":true,"href":"https:\/\/catholiques17.fr\/pontlabbesaintporchaire\/wp-json\/wp\/v2\/comments?post=10524"}],"version-history":[{"count":2,"href":"https:\/\/catholiques17.fr\/pontlabbesaintporchaire\/wp-json\/wp\/v2\/posts\/10524\/revisions"}],"predecessor-version":[{"id":10527,"href":"https:\/\/catholiques17.fr\/pontlabbesaintporchaire\/wp-json\/wp\/v2\/posts\/10524\/revisions\/10527"}],"wp:featuredmedia":[{"embeddable":true,"href":"https:\/\/catholiques17.fr\/pontlabbesaintporchaire\/wp-json\/wp\/v2\/media\/10525"}],"wp:attachment":[{"href":"https:\/\/catholiques17.fr\/pontlabbesaintporchaire\/wp-json\/wp\/v2\/media?parent=10524"}],"wp:term":[{"taxonomy":"category","embeddable":true,"href":"https:\/\/catholiques17.fr\/pontlabbesaintporchaire\/wp-json\/wp\/v2\/categories?post=10524"},{"taxonomy":"post_tag","embeddable":true,"href":"https:\/\/catholiques17.fr\/pontlabbesaintporchaire\/wp-json\/wp\/v2\/tags?post=10524"}],"curies":[{"name":"wp","href":"https:\/\/api.w.org\/{rel}","templated":true}]}}