{"id":10097,"date":"2024-02-08T10:45:26","date_gmt":"2024-02-08T09:45:26","guid":{"rendered":"https:\/\/catholiques17.fr\/pontlabbesaintporchaire\/?p=10097"},"modified":"2024-02-08T10:53:52","modified_gmt":"2024-02-08T09:53:52","slug":"en-fevrier-prions-pour-les-malades-en-phase-terminale","status":"publish","type":"post","link":"https:\/\/catholiques17.fr\/pontlabbesaintporchaire\/2024\/02\/08\/en-fevrier-prions-pour-les-malades-en-phase-terminale\/","title":{"rendered":"En f\u00e9vrier, prions pour les malades en phase terminale"},"content":{"rendered":"\n<div style=\"height:44px\" aria-hidden=\"true\" class=\"wp-block-spacer\"><\/div>\n\n\n\n<p><strong>\u00ab<em>Gu\u00e9rir si possible, toujours prendre soin<\/em>\u00bb. Le Pape Fran\u00e7ois s\u2019inspire de son pr\u00e9d\u00e9cesseur saint Jean-Paul II en confiant les personnes malades en phase terminale et leurs familles \u00e0 la pri\u00e8re de l\u2019\u00c9glise pour le mois de f\u00e9vrier.<\/strong> Alors que l\u2019\u00c9glise c\u00e9l\u00e8brera la Journ\u00e9e mondiale du malade le 11 f\u00e9vrier comme tous les ans depuis 1992, Fran\u00e7ois rappelle que \u00ab<em>tous les malades ont droit \u00e0 un accompagnement m\u00e9dical, \u00e0 un accompagnement psychologique, \u00e0 un accompagnement spirituel et \u00e0 un accompagnement humain<\/em>\u00bb.<\/p>\n\n\n\n<div style=\"height:51px\" aria-hidden=\"true\" class=\"wp-block-spacer\"><\/div>\n\n\n\n<figure class=\"wp-block-embed aligncenter is-type-video is-provider-youtube wp-block-embed-youtube wp-embed-aspect-16-9 wp-has-aspect-ratio\"><div class=\"wp-block-embed__wrapper\">\n<iframe loading=\"lazy\" title=\"Pour les malades en phase terminale \u2013 La Vid\u00e9o du Pape 2 \u2013 F\u00e9vrier 2024\" width=\"1080\" height=\"608\" src=\"https:\/\/www.youtube.com\/embed\/ylPeX_iS2Gc?feature=oembed\"  allow=\"accelerometer; autoplay; clipboard-write; encrypted-media; gyroscope; picture-in-picture; web-share\" allowfullscreen><\/iframe>\n<\/div><\/figure>\n\n\n\n<div style=\"height:43px\" aria-hidden=\"true\" class=\"wp-block-spacer\"><\/div>\n\n\n\n<p>Si les l\u00e9gislations autorisant l\u2019euthanasie ou le suicide assist\u00e9 semblent se r\u00e9pandre dans de nombreux pays, le Pape invite \u00e0 refuser ce monde bas\u00e9 sur la culture du jetable dans lequel les malades en phase terminale n\u2019ont pas leur place. Au contraire, il est indispensable de poser un regard d\u2019amour sur&nbsp;les personnes malades, de les entourer, de les tenir par la main, de leur redire leur valeur unique et irrempla\u00e7able.<\/p>\n\n\n\n<p>Il insiste sur l\u2019importance des soins palliatifs. Or, si 40 millions de personnes dans le monde ont besoin de soins palliatifs chaque ann\u00e9e, seuls 14% des patients en b\u00e9n\u00e9ficient. Pour le Souverain pontife, les soins palliatifs \u00ab<em>garantissent au patient non seulement des soins m\u00e9dicaux, mais \u00e9galement un accompagnement humain de proximit\u00e9<\/em>\u00bb.<\/p>\n\n\n\n<p><a href=\"https:\/\/www.vatican.va\/roman_curia\/congregations\/cfaith\/documents\/rc_con_cfaith_doc_20200714_samaritanus-bonus_fr.html\">Citant la Congr\u00e9gation pour la Doctrine de la Foi dans la Lettre&nbsp;<em>Samaritanus bonus<\/em>&nbsp;de 2020<\/a>, le Pape explique qu\u2019il est n\u00e9cessaire de se tenir aux c\u00f4t\u00e9s des malades, mais \u00e9galement des familles. \u00ab<em>Leur r\u00f4le est d\u00e9terminant. Elles doivent avoir les moyens de garantir un soutien physique, un soutien spirituel et un soutien social<\/em>\u00bb assure-t-il.<\/p>\n\n\n\n<div style=\"height:66px\" aria-hidden=\"true\" class=\"wp-block-spacer\"><\/div>\n","protected":false},"excerpt":{"rendered":"<p>\u00abGu\u00e9rir si possible, toujours prendre soin\u00bb. Le Pape Fran\u00e7ois s\u2019inspire de son pr\u00e9d\u00e9cesseur saint Jean-Paul II en confiant les personnes malades en phase terminale et leurs familles \u00e0 la pri\u00e8re [&hellip;]<\/p>\n","protected":false},"author":4,"featured_media":10099,"comment_status":"open","ping_status":"open","sticky":false,"template":"","format":"standard","meta":{"_et_pb_use_builder":"off","_et_pb_old_content":"","_et_gb_content_width":"","footnotes":""},"categories":[6,39,22],"tags":[],"class_list":["post-10097","post","type-post","status-publish","format-standard","has-post-thumbnail","hentry","category-actualite","category-intention","category-pape-francois"],"_links":{"self":[{"href":"https:\/\/catholiques17.fr\/pontlabbesaintporchaire\/wp-json\/wp\/v2\/posts\/10097","targetHints":{"allow":["GET"]}}],"collection":[{"href":"https:\/\/catholiques17.fr\/pontlabbesaintporchaire\/wp-json\/wp\/v2\/posts"}],"about":[{"href":"https:\/\/catholiques17.fr\/pontlabbesaintporchaire\/wp-json\/wp\/v2\/types\/post"}],"author":[{"embeddable":true,"href":"https:\/\/catholiques17.fr\/pontlabbesaintporchaire\/wp-json\/wp\/v2\/users\/4"}],"replies":[{"embeddable":true,"href":"https:\/\/catholiques17.fr\/pontlabbesaintporchaire\/wp-json\/wp\/v2\/comments?post=10097"}],"version-history":[{"count":2,"href":"https:\/\/catholiques17.fr\/pontlabbesaintporchaire\/wp-json\/wp\/v2\/posts\/10097\/revisions"}],"predecessor-version":[{"id":10102,"href":"https:\/\/catholiques17.fr\/pontlabbesaintporchaire\/wp-json\/wp\/v2\/posts\/10097\/revisions\/10102"}],"wp:featuredmedia":[{"embeddable":true,"href":"https:\/\/catholiques17.fr\/pontlabbesaintporchaire\/wp-json\/wp\/v2\/media\/10099"}],"wp:attachment":[{"href":"https:\/\/catholiques17.fr\/pontlabbesaintporchaire\/wp-json\/wp\/v2\/media?parent=10097"}],"wp:term":[{"taxonomy":"category","embeddable":true,"href":"https:\/\/catholiques17.fr\/pontlabbesaintporchaire\/wp-json\/wp\/v2\/categories?post=10097"},{"taxonomy":"post_tag","embeddable":true,"href":"https:\/\/catholiques17.fr\/pontlabbesaintporchaire\/wp-json\/wp\/v2\/tags?post=10097"}],"curies":[{"name":"wp","href":"https:\/\/api.w.org\/{rel}","templated":true}]}}