{"id":14400,"global_id":"catholiques17.fr\/pontlabbesaintporchaire?id=14400","global_id_lineage":["catholiques17.fr\/pontlabbesaintporchaire?id=14400"],"author":"63","status":"publish","date":"2026-03-27 14:36:41","date_utc":"2026-03-27 13:36:41","modified":"2026-03-27 14:36:41","modified_utc":"2026-03-27 13:36:41","url":"https:\/\/catholiques17.fr\/pontlabbesaintporchaire\/event\/rencontre-des-cm-a-st-porchaire-30\/","rest_url":"https:\/\/catholiques17.fr\/pontlabbesaintporchaire\/wp-json\/tribe\/events\/v1\/events\/14400","title":"Rencontre des CM \u00e0 St Porchaire","description":"","excerpt":"","slug":"rencontre-des-cm-a-st-porchaire-30","image":{"url":"https:\/\/catholiques17.fr\/pontlabbesaintporchaire\/wp-content\/uploads\/sites\/38\/2025\/09\/Cate.jpg","id":13733,"extension":"jpg","width":800,"height":800,"filesize":180860,"sizes":{"medium":{"width":300,"height":300,"mime-type":"image\/jpeg","filesize":34680,"url":"https:\/\/catholiques17.fr\/pontlabbesaintporchaire\/wp-content\/uploads\/sites\/38\/2025\/09\/Cate-300x300.jpg"},"thumbnail":{"width":150,"height":150,"mime-type":"image\/jpeg","filesize":11179,"url":"https:\/\/catholiques17.fr\/pontlabbesaintporchaire\/wp-content\/uploads\/sites\/38\/2025\/09\/Cate-150x150.jpg"},"medium_large":{"width":768,"height":768,"mime-type":"image\/jpeg","filesize":149908,"url":"https:\/\/catholiques17.fr\/pontlabbesaintporchaire\/wp-content\/uploads\/sites\/38\/2025\/09\/Cate-768x768.jpg"},"et-pb-post-main-image":{"width":400,"height":250,"mime-type":"image\/jpeg","filesize":35905,"url":"https:\/\/catholiques17.fr\/pontlabbesaintporchaire\/wp-content\/uploads\/sites\/38\/2025\/09\/Cate-400x250.jpg"},"et-pb-post-main-image-fullwidth":{"width":800,"height":675,"mime-type":"image\/jpeg","filesize":155117,"url":"https:\/\/catholiques17.fr\/pontlabbesaintporchaire\/wp-content\/uploads\/sites\/38\/2025\/09\/Cate-800x675.jpg"},"et-pb-portfolio-image":{"width":400,"height":284,"mime-type":"image\/jpeg","filesize":40454,"url":"https:\/\/catholiques17.fr\/pontlabbesaintporchaire\/wp-content\/uploads\/sites\/38\/2025\/09\/Cate-400x284.jpg"},"et-pb-portfolio-module-image":{"width":510,"height":382,"mime-type":"image\/jpeg","filesize":59749,"url":"https:\/\/catholiques17.fr\/pontlabbesaintporchaire\/wp-content\/uploads\/sites\/38\/2025\/09\/Cate-510x382.jpg"},"et-pb-gallery-module-image-portrait":{"width":400,"height":516,"mime-type":"image\/jpeg","filesize":65146,"url":"https:\/\/catholiques17.fr\/pontlabbesaintporchaire\/wp-content\/uploads\/sites\/38\/2025\/09\/Cate-400x516.jpg"},"et-pb-image--responsive--phone":{"width":480,"height":480,"mime-type":"image\/jpeg","filesize":72953,"url":"https:\/\/catholiques17.fr\/pontlabbesaintporchaire\/wp-content\/uploads\/sites\/38\/2025\/09\/Cate-480x480.jpg"}}},"all_day":false,"start_date":"2026-04-04 10:00:00","start_date_details":{"year":"2026","month":"04","day":"04","hour":"10","minutes":"00","seconds":"00"},"end_date":"2026-04-04 11:00:00","end_date_details":{"year":"2026","month":"04","day":"04","hour":"11","minutes":"00","seconds":"00"},"utc_start_date":"2026-04-04 08:00:00","utc_start_date_details":{"year":"2026","month":"04","day":"04","hour":"08","minutes":"00","seconds":"00"},"utc_end_date":"2026-04-04 09:00:00","utc_end_date_details":{"year":"2026","month":"04","day":"04","hour":"09","minutes":"00","seconds":"00"},"timezone":"Europe\/Paris","timezone_abbr":"CEST","cost":"","cost_details":{"currency_symbol":"\u20ac","currency_code":"USD","currency_position":"suffix","values":[]},"website":"","show_map":true,"show_map_link":true,"hide_from_listings":false,"sticky":false,"featured":false,"categories":[],"tags":[],"venue":{"id":10420,"author":"59","status":"publish","date":"2024-03-02 16:03:32","date_utc":"2024-03-02 15:03:32","modified":"2024-03-02 16:03:32","modified_utc":"2024-03-02 15:03:32","url":"https:\/\/catholiques17.fr\/pontlabbesaintporchaire\/lieu\/presbytere-de-saint-porchaire\/","venue":"Presbyt\u00e8re de Saint-Porchaire","slug":"presbytere-de-saint-porchaire","address":"2 rue du presbyt\u00e8re","city":"Saint Porchaire","country":"France","zip":"17250","json_ld":{"@type":"Place","name":"Presbyt\u00e8re de Saint-Porchaire","description":"","url":"","address":{"@type":"PostalAddress","streetAddress":"2 rue du presbyt\u00e8re","addressLocality":"Saint Porchaire","postalCode":"17250","addressCountry":"France"},"telephone":"","sameAs":""},"show_map":true,"show_map_link":true,"global_id":"catholiques17.fr\/pontlabbesaintporchaire?id=10420","global_id_lineage":["catholiques17.fr\/pontlabbesaintporchaire?id=10420"]},"organizer":[],"custom_fields":[],"json_ld":{"@context":"http:\/\/schema.org","@type":"Event","name":"Rencontre des CM \u00e0 St Porchaire","description":"","image":"https:\/\/catholiques17.fr\/pontlabbesaintporchaire\/wp-content\/uploads\/sites\/38\/2025\/09\/Cate.jpg","url":"https:\/\/catholiques17.fr\/pontlabbesaintporchaire\/event\/rencontre-des-cm-a-st-porchaire-30\/","eventAttendanceMode":"https:\/\/schema.org\/OfflineEventAttendanceMode","eventStatus":"https:\/\/schema.org\/EventScheduled","startDate":"2026-04-04T10:00:00+02:00","endDate":"2026-04-04T11:00:00+02:00","location":{"@type":"Place","name":"Presbyt\u00e8re de Saint-Porchaire","description":"","url":"","address":{"@type":"PostalAddress","streetAddress":"2 rue du presbyt\u00e8re","addressLocality":"Saint Porchaire","postalCode":"17250","addressCountry":"France"},"telephone":"","sameAs":""},"performer":"Organization"}}