{"id":9969,"date":"2024-08-10T08:41:27","date_gmt":"2024-08-10T06:41:27","guid":{"rendered":"https:\/\/catholiques17.fr\/oleron\/?p=9969"},"modified":"2024-08-17T15:44:06","modified_gmt":"2024-08-17T13:44:06","slug":"annonces-du-10-au-18-aout","status":"publish","type":"post","link":"https:\/\/catholiques17.fr\/oleron\/annonces-du-10-au-18-aout\/","title":{"rendered":"Annonces du 10 au 18 aout"},"content":{"rendered":"\n<div style=\"height:34px\" aria-hidden=\"true\" class=\"wp-block-spacer\"><\/div>\n\n\n\n<h3 class=\"wp-block-heading alignwide has-text-align-center\">P<a href=\"https:\/\/catholiques17.fr\/oleron\/wp-content\/uploads\/sites\/30\/2024\/08\/annonces-du-10-au-18-Aout-2024.pdf\">our t\u00e9l\u00e9charger les annonces, c&rsquo;est ICI<\/a><\/h3>\n\n\n\n<div style=\"height:36px\" aria-hidden=\"true\" class=\"wp-block-spacer\"><\/div>\n\n\n\n<h4 class=\"wp-block-heading has-text-align-center\">En sortie de messe, vente de pommes de terre pour l&rsquo;association Enfants de Madagascar<br> &#8211; 18 ao\u00fbt, \u00e9glise de St Georges<br>&#8211; 18 ao\u00fbt, \u00e9glise du Ch\u00e2teau<\/h4>\n\n\n\n<figure class=\"wp-block-image aligncenter size-full\"><a href=\"https:\/\/catholiques17.fr\/oleron\/wp-content\/uploads\/sites\/30\/2024\/08\/annonces-du-10-au-18-Aout-2024.jpg\"><img decoding=\"async\" src=\"https:\/\/catholiques17.fr\/oleron\/wp-content\/uploads\/sites\/30\/2024\/08\/annonces-du-10-au-18-Aout-2024.jpg\" alt=\"\" class=\"wp-image-9970\" \/><\/a><\/figure>\n","protected":false},"excerpt":{"rendered":"<p>Pour t\u00e9l\u00e9charger les annonces, c&rsquo;est ICI En sortie de messe, vente de pommes de terre pour l&rsquo;association Enfants de Madagascar &#8211; 18 ao\u00fbt, \u00e9glise de St Georges&#8211; 18 ao\u00fbt, \u00e9glise [&hellip;]<\/p>\n","protected":false},"author":40,"featured_media":9513,"comment_status":"open","ping_status":"open","sticky":false,"template":"","format":"standard","meta":{"_et_pb_use_builder":"off","_et_pb_old_content":"","_et_gb_content_width":"","footnotes":""},"categories":[6,24],"tags":[],"class_list":["post-9969","post","type-post","status-publish","format-standard","has-post-thumbnail","hentry","category-actualite","category-annonces"],"_links":{"self":[{"href":"https:\/\/catholiques17.fr\/oleron\/wp-json\/wp\/v2\/posts\/9969","targetHints":{"allow":["GET"]}}],"collection":[{"href":"https:\/\/catholiques17.fr\/oleron\/wp-json\/wp\/v2\/posts"}],"about":[{"href":"https:\/\/catholiques17.fr\/oleron\/wp-json\/wp\/v2\/types\/post"}],"author":[{"embeddable":true,"href":"https:\/\/catholiques17.fr\/oleron\/wp-json\/wp\/v2\/users\/40"}],"replies":[{"embeddable":true,"href":"https:\/\/catholiques17.fr\/oleron\/wp-json\/wp\/v2\/comments?post=9969"}],"version-history":[{"count":5,"href":"https:\/\/catholiques17.fr\/oleron\/wp-json\/wp\/v2\/posts\/9969\/revisions"}],"predecessor-version":[{"id":10010,"href":"https:\/\/catholiques17.fr\/oleron\/wp-json\/wp\/v2\/posts\/9969\/revisions\/10010"}],"wp:featuredmedia":[{"embeddable":true,"href":"https:\/\/catholiques17.fr\/oleron\/wp-json\/wp\/v2\/media\/9513"}],"wp:attachment":[{"href":"https:\/\/catholiques17.fr\/oleron\/wp-json\/wp\/v2\/media?parent=9969"}],"wp:term":[{"taxonomy":"category","embeddable":true,"href":"https:\/\/catholiques17.fr\/oleron\/wp-json\/wp\/v2\/categories?post=9969"},{"taxonomy":"post_tag","embeddable":true,"href":"https:\/\/catholiques17.fr\/oleron\/wp-json\/wp\/v2\/tags?post=9969"}],"curies":[{"name":"wp","href":"https:\/\/api.w.org\/{rel}","templated":true}]}}