{"id":9881,"date":"2024-06-08T18:57:58","date_gmt":"2024-06-08T16:57:58","guid":{"rendered":"https:\/\/catholiques17.fr\/oleron\/?p=9881"},"modified":"2024-06-14T18:59:50","modified_gmt":"2024-06-14T16:59:50","slug":"nuits-des-eglises","status":"publish","type":"post","link":"https:\/\/catholiques17.fr\/oleron\/nuits-des-eglises\/","title":{"rendered":"Nuits des \u00e9glises"},"content":{"rendered":"\n<div style=\"height:36px\" aria-hidden=\"true\" class=\"wp-block-spacer\"><\/div>\n\n\n\n<p>La Nuit des \u00e9glises, initi\u00e9e par l\u2019\u00c9glise de France, est une manifestation cultuelle et culturelle inscrite dans le paysage estival des dioc\u00e8ses depuis 2011, b\u00e9n\u00e9ficiant d\u2019une reconnaissance \u00e0 l\u2019\u00e9chelle nationale, et \u00e0 laquelle participent chaque ann\u00e9e plusieurs centaines d\u2019\u00e9glises.<\/p>\n\n\n\n<p>Selon Mgr Jean Legrez, archev\u00eaque d\u2019Albi et initiateur du projet, \u201ccet \u00e9v\u00e9nement r\u00e9pond \u00e0 une double mission : d\u2019une part, permettre aux communaut\u00e9s chr\u00e9tiennes locales, m\u00eame dans les plus petits villages, de faire vivre ou de se r\u00e9approprier leur \u00e9glise, lieu de leur histoire et de leur enracinement ; d\u2019autre part, ouvrir leurs portes et accueillir largement tous ceux qui se pr\u00e9sentent : artistes, visiteurs, curieux, personnes qui s\u2019interrogent\u2026 Lors d\u2019une m\u00eame semaine, partout sur le territoire de notre pays, cela constitue un signe fort d\u2019unit\u00e9 et de manifestation vivante de l\u2019\u00c9glise rendue visible \u00e0 travers nos \u00e9glises\u201d.<\/p>\n\n\n\n<p>Pendant une ou plusieurs soir\u00e9es, chacun est invit\u00e9 \u00e0 franchir le seuil d\u2019une \u00e9glise afin de d\u00e9couvrir sous une nouvelle lumi\u00e8re, les richesses de son patrimoine de proximit\u00e9 gr\u00e2ce \u00e0 des programmes vari\u00e9s : des visites aux chandelles ou guid\u00e9es, des concerts, des ch\u0153urs, des expositions de cr\u00e9ation contemporaine et\/ou d\u2019ornements liturgiques, des lectures, des temps de pri\u00e8re\u2026<\/p>\n\n\n\n<p>Depuis sa cr\u00e9ation il y a 13 ans, ce sont plus de 7 000 chapelles, \u00e9glises et cath\u00e9drales qui ont particip\u00e9 au moins une fois \u00e0 La Nuit des \u00e9glises. Chaque ann\u00e9e \u00e0 cette occasion, des centaines d\u2019animations ont lieu partout sur le territoire avec une grande vari\u00e9t\u00e9 des animations (visites guid\u00e9es, concerts, expositions, animations ludiques et performances artistiques).<\/p>\n\n\n\n<h3 class=\"wp-block-heading has-text-align-center\"><a href=\"https:\/\/catholiques17.fr\/rendez-vous-pour-la-nuit-des-eglises\/\">Pour en savoir plus, c&rsquo;est ICI<\/a><\/h3>\n","protected":false},"excerpt":{"rendered":"<p>La Nuit des \u00e9glises, initi\u00e9e par l\u2019\u00c9glise de France, est une manifestation cultuelle et culturelle inscrite dans le paysage estival des dioc\u00e8ses depuis 2011, b\u00e9n\u00e9ficiant d\u2019une reconnaissance \u00e0 l\u2019\u00e9chelle nationale, [&hellip;]<\/p>\n","protected":false},"author":40,"featured_media":9879,"comment_status":"open","ping_status":"open","sticky":false,"template":"","format":"standard","meta":{"_et_pb_use_builder":"off","_et_pb_old_content":"","_et_gb_content_width":"","footnotes":""},"categories":[6,24],"tags":[],"class_list":["post-9881","post","type-post","status-publish","format-standard","has-post-thumbnail","hentry","category-actualite","category-annonces"],"_links":{"self":[{"href":"https:\/\/catholiques17.fr\/oleron\/wp-json\/wp\/v2\/posts\/9881","targetHints":{"allow":["GET"]}}],"collection":[{"href":"https:\/\/catholiques17.fr\/oleron\/wp-json\/wp\/v2\/posts"}],"about":[{"href":"https:\/\/catholiques17.fr\/oleron\/wp-json\/wp\/v2\/types\/post"}],"author":[{"embeddable":true,"href":"https:\/\/catholiques17.fr\/oleron\/wp-json\/wp\/v2\/users\/40"}],"replies":[{"embeddable":true,"href":"https:\/\/catholiques17.fr\/oleron\/wp-json\/wp\/v2\/comments?post=9881"}],"version-history":[{"count":1,"href":"https:\/\/catholiques17.fr\/oleron\/wp-json\/wp\/v2\/posts\/9881\/revisions"}],"predecessor-version":[{"id":9882,"href":"https:\/\/catholiques17.fr\/oleron\/wp-json\/wp\/v2\/posts\/9881\/revisions\/9882"}],"wp:featuredmedia":[{"embeddable":true,"href":"https:\/\/catholiques17.fr\/oleron\/wp-json\/wp\/v2\/media\/9879"}],"wp:attachment":[{"href":"https:\/\/catholiques17.fr\/oleron\/wp-json\/wp\/v2\/media?parent=9881"}],"wp:term":[{"taxonomy":"category","embeddable":true,"href":"https:\/\/catholiques17.fr\/oleron\/wp-json\/wp\/v2\/categories?post=9881"},{"taxonomy":"post_tag","embeddable":true,"href":"https:\/\/catholiques17.fr\/oleron\/wp-json\/wp\/v2\/tags?post=9881"}],"curies":[{"name":"wp","href":"https:\/\/api.w.org\/{rel}","templated":true}]}}