{"id":9858,"date":"2024-06-14T18:05:47","date_gmt":"2024-06-14T16:05:47","guid":{"rendered":"https:\/\/catholiques17.fr\/oleron\/?p=9858"},"modified":"2024-06-14T18:15:22","modified_gmt":"2024-06-14T16:15:22","slug":"prendre-soin-de-la-terre-des-autres-journee-avec-eco-chretiens-17-et-le-secours-catholique","status":"publish","type":"post","link":"https:\/\/catholiques17.fr\/oleron\/prendre-soin-de-la-terre-des-autres-journee-avec-eco-chretiens-17-et-le-secours-catholique\/","title":{"rendered":"\u201cPrendre soin de la Terre, des autres\u201d :                   journ\u00e9e avec Eco Chr\u00e9tiens 17 et le Secours Catholique"},"content":{"rendered":"\n<div style=\"height:35px\" aria-hidden=\"true\" class=\"wp-block-spacer\"><\/div>\n\n\n\n<h3 class=\"wp-block-heading has-text-align-center\">LE SAMEDI 22 JUIN 2024&nbsp;DE 10h A 16h30 A L\u2019ABBAYE DE SABLONCEAUX<\/h3>\n\n\n\n<h3 class=\"wp-block-heading\">Nous sommes heureux de vous inviter \u00e0 une journ\u00e9e sur l&rsquo;\u00e9cologie int\u00e9grale\u00a0 ! ouverts \u00e0 tous ! n&rsquo;h\u00e9sitez pas \u00e0 diffuser \ud83d\ude42<\/h3>\n\n\n\n<h3 class=\"wp-block-heading has-text-align-center\">Journ\u00e9e co-organis\u00e9e avec le Secours Catholique,\u00a0<\/h3>\n\n\n\n<p>Au programme\u00a0:<\/p>\n\n\n\n<p class=\"has-text-align-center\">Accueil caf\u00e9 d\u00e8s 9h45<\/p>\n\n\n\n<p class=\"has-text-align-center\">Choix 1&nbsp;: Marche contemplative<br>OU<br>Choix 2&nbsp;: Atelier nature art<\/p>\n\n\n\n<p class=\"has-text-align-center\">Gi Gong<\/p>\n\n\n\n<p class=\"has-text-align-center\">Repas partag\u00e9&nbsp;: chacun apporte un plat ou un dessert \u00e0 partager, ainsi que son assiette, ses couverts et son verre<\/p>\n\n\n\n<p class=\"has-text-align-center\">Partage en petits groupes autour d\u2019un texte<\/p>\n\n\n\n<p class=\"has-text-align-center\">Choix 1&nbsp;: Ateliers escape Game<br>OU<br>Choix 2&nbsp;: Jeu du pas climatique<\/p>\n\n\n\n<p class=\"has-text-align-center\">16h30 Fin de la journ\u00e9e<\/p>\n\n\n\n<h3 class=\"wp-block-heading\">Pour vous inscrire, cliquer sur ce lien&nbsp;:&nbsp;<a href=\"https:\/\/forms.gle\/8bto7WejPY29FUk4A\" target=\"_blank\" rel=\"noreferrer noopener\">https:\/\/forms.gle\/8bto7WejPY29FUk4A<\/a><\/h3>\n","protected":false},"excerpt":{"rendered":"<p>LE SAMEDI 22 JUIN 2024&nbsp;DE 10h A 16h30 A L\u2019ABBAYE DE SABLONCEAUX Nous sommes heureux de vous inviter \u00e0 une journ\u00e9e sur l&rsquo;\u00e9cologie int\u00e9grale\u00a0 ! ouverts \u00e0 tous ! n&rsquo;h\u00e9sitez [&hellip;]<\/p>\n","protected":false},"author":40,"featured_media":9859,"comment_status":"open","ping_status":"open","sticky":false,"template":"","format":"standard","meta":{"_et_pb_use_builder":"off","_et_pb_old_content":"","_et_gb_content_width":"","footnotes":""},"categories":[6,24,23],"tags":[],"class_list":["post-9858","post","type-post","status-publish","format-standard","has-post-thumbnail","hentry","category-actualite","category-annonces","category-diocese"],"_links":{"self":[{"href":"https:\/\/catholiques17.fr\/oleron\/wp-json\/wp\/v2\/posts\/9858","targetHints":{"allow":["GET"]}}],"collection":[{"href":"https:\/\/catholiques17.fr\/oleron\/wp-json\/wp\/v2\/posts"}],"about":[{"href":"https:\/\/catholiques17.fr\/oleron\/wp-json\/wp\/v2\/types\/post"}],"author":[{"embeddable":true,"href":"https:\/\/catholiques17.fr\/oleron\/wp-json\/wp\/v2\/users\/40"}],"replies":[{"embeddable":true,"href":"https:\/\/catholiques17.fr\/oleron\/wp-json\/wp\/v2\/comments?post=9858"}],"version-history":[{"count":3,"href":"https:\/\/catholiques17.fr\/oleron\/wp-json\/wp\/v2\/posts\/9858\/revisions"}],"predecessor-version":[{"id":9863,"href":"https:\/\/catholiques17.fr\/oleron\/wp-json\/wp\/v2\/posts\/9858\/revisions\/9863"}],"wp:featuredmedia":[{"embeddable":true,"href":"https:\/\/catholiques17.fr\/oleron\/wp-json\/wp\/v2\/media\/9859"}],"wp:attachment":[{"href":"https:\/\/catholiques17.fr\/oleron\/wp-json\/wp\/v2\/media?parent=9858"}],"wp:term":[{"taxonomy":"category","embeddable":true,"href":"https:\/\/catholiques17.fr\/oleron\/wp-json\/wp\/v2\/categories?post=9858"},{"taxonomy":"post_tag","embeddable":true,"href":"https:\/\/catholiques17.fr\/oleron\/wp-json\/wp\/v2\/tags?post=9858"}],"curies":[{"name":"wp","href":"https:\/\/api.w.org\/{rel}","templated":true}]}}