{"id":9839,"date":"2024-06-26T11:34:11","date_gmt":"2024-06-26T09:34:11","guid":{"rendered":"https:\/\/catholiques17.fr\/oleron\/?p=9839"},"modified":"2024-06-26T11:34:56","modified_gmt":"2024-06-26T09:34:56","slug":"enseignement-biblique-le-tombeau-vide","status":"publish","type":"post","link":"https:\/\/catholiques17.fr\/oleron\/enseignement-biblique-le-tombeau-vide\/","title":{"rendered":"Enseignement Biblique \u00ab\u00a0le tombeau vide\u00a0\u00bb"},"content":{"rendered":"\n<div style=\"height:24px\" aria-hidden=\"true\" class=\"wp-block-spacer\"><\/div>\n\n\n\n<h3 class=\"wp-block-heading\">Le 12 juin dernier, Jean-Fran\u00e7ois Gouteyron nous a comment\u00e9 le dernier chapitre de l&rsquo;\u00e9vangile de Marc, chap 16.<\/h3>\n\n\n\n<p>Nous \u00e9tions nombreux, mardi 12 juin, \u00e0 nous r\u00e9unir \u00e0 la Maison Paroissiale pour r\u00e9fl\u00e9chir \u00e0 la R\u00e9surrection \u00e0 partir de l&rsquo;\u00e9vangile de Marc.<br>La d\u00e9couverte par les Saintes Femmes du tombeau ouvert nous a permis de comprendre leur stup\u00e9faction et en m\u00eame temps le sens que voulait signifier Saint Marc en racontant cette sc\u00e8ne.<\/p>\n\n\n\n<p>J\u00e9sus est ressuscit\u00e9 et Il nous pr\u00e9c\u00e8de en Galil\u00e9e !<\/p>\n\n\n\n<p>St Marc nous invite ainsi \u00e0 nous engager dans la foi en la R\u00e9surrection et \u00e0 marcher avec J\u00e9sus dans la Galil\u00e9e de notre vie! C&rsquo;est toute une th\u00e9ologie du disciple qui est d\u00e9velopp\u00e9e.<\/p>\n\n\n\n<p>\u00ab\u00a0Le Christianisme n&rsquo;est pas une religion d&rsquo;\u00e9lites, mais celle d&rsquo;un peuple bringuebalant et qui n&rsquo;est pas toujours \u00e0 la hauteur, mais qui accepte de se laisser saisir par le Ressuscit\u00e9 \u00a0\u00bb&nbsp; &nbsp;P. J-Ph FABRE .<\/p>\n\n\n\n<figure class=\"wp-block-gallery has-nested-images columns-default is-cropped wp-block-gallery-1 is-layout-flex wp-block-gallery-is-layout-flex\">\n<figure class=\"wp-block-image size-large\"><img loading=\"lazy\" decoding=\"async\" width=\"611\" height=\"800\" data-id=\"9842\" src=\"https:\/\/catholiques17.fr\/oleron\/wp-content\/uploads\/sites\/30\/2024\/06\/2024-06-12-Conf-JF-Gouteyron-le-tombeau-vide.jpeg\" alt=\"\" class=\"wp-image-9842\" srcset=\"https:\/\/catholiques17.fr\/oleron\/wp-content\/uploads\/sites\/30\/2024\/06\/2024-06-12-Conf-JF-Gouteyron-le-tombeau-vide.jpeg 611w, https:\/\/catholiques17.fr\/oleron\/wp-content\/uploads\/sites\/30\/2024\/06\/2024-06-12-Conf-JF-Gouteyron-le-tombeau-vide-480x628.jpeg 480w\" sizes=\"(min-width: 0px) and (max-width: 480px) 480px, (min-width: 481px) 611px, 100vw\" \/><\/figure>\n\n\n\n<figure class=\"wp-block-image size-large\"><img loading=\"lazy\" decoding=\"async\" width=\"800\" height=\"491\" data-id=\"9841\" src=\"https:\/\/catholiques17.fr\/oleron\/wp-content\/uploads\/sites\/30\/2024\/06\/2024-06-12-Conf-JF-Gouteyron-le-tombeau-vide-JF-avec-lassemblee.jpeg\" alt=\"\" class=\"wp-image-9841\" srcset=\"https:\/\/catholiques17.fr\/oleron\/wp-content\/uploads\/sites\/30\/2024\/06\/2024-06-12-Conf-JF-Gouteyron-le-tombeau-vide-JF-avec-lassemblee.jpeg 800w, https:\/\/catholiques17.fr\/oleron\/wp-content\/uploads\/sites\/30\/2024\/06\/2024-06-12-Conf-JF-Gouteyron-le-tombeau-vide-JF-avec-lassemblee-480x295.jpeg 480w\" sizes=\"(min-width: 0px) and (max-width: 480px) 480px, (min-width: 481px) 800px, 100vw\" \/><\/figure>\n<\/figure>\n","protected":false},"excerpt":{"rendered":"<p>Le 12 juin dernier, Jean-Fran\u00e7ois Gouteyron nous a comment\u00e9 le dernier chapitre de l&rsquo;\u00e9vangile de Marc, chap 16. Nous \u00e9tions nombreux, mardi 12 juin, \u00e0 nous r\u00e9unir \u00e0 la Maison [&hellip;]<\/p>\n","protected":false},"author":40,"featured_media":0,"comment_status":"open","ping_status":"open","sticky":false,"template":"","format":"standard","meta":{"_et_pb_use_builder":"off","_et_pb_old_content":"","_et_gb_content_width":"","footnotes":""},"categories":[6,24],"tags":[],"class_list":["post-9839","post","type-post","status-publish","format-standard","hentry","category-actualite","category-annonces"],"_links":{"self":[{"href":"https:\/\/catholiques17.fr\/oleron\/wp-json\/wp\/v2\/posts\/9839","targetHints":{"allow":["GET"]}}],"collection":[{"href":"https:\/\/catholiques17.fr\/oleron\/wp-json\/wp\/v2\/posts"}],"about":[{"href":"https:\/\/catholiques17.fr\/oleron\/wp-json\/wp\/v2\/types\/post"}],"author":[{"embeddable":true,"href":"https:\/\/catholiques17.fr\/oleron\/wp-json\/wp\/v2\/users\/40"}],"replies":[{"embeddable":true,"href":"https:\/\/catholiques17.fr\/oleron\/wp-json\/wp\/v2\/comments?post=9839"}],"version-history":[{"count":3,"href":"https:\/\/catholiques17.fr\/oleron\/wp-json\/wp\/v2\/posts\/9839\/revisions"}],"predecessor-version":[{"id":9886,"href":"https:\/\/catholiques17.fr\/oleron\/wp-json\/wp\/v2\/posts\/9839\/revisions\/9886"}],"wp:attachment":[{"href":"https:\/\/catholiques17.fr\/oleron\/wp-json\/wp\/v2\/media?parent=9839"}],"wp:term":[{"taxonomy":"category","embeddable":true,"href":"https:\/\/catholiques17.fr\/oleron\/wp-json\/wp\/v2\/categories?post=9839"},{"taxonomy":"post_tag","embeddable":true,"href":"https:\/\/catholiques17.fr\/oleron\/wp-json\/wp\/v2\/tags?post=9839"}],"curies":[{"name":"wp","href":"https:\/\/api.w.org\/{rel}","templated":true}]}}