{"id":11320,"date":"2026-03-11T19:23:56","date_gmt":"2026-03-11T18:23:56","guid":{"rendered":"https:\/\/catholiques17.fr\/oleron\/?p=11320"},"modified":"2026-03-11T21:20:18","modified_gmt":"2026-03-11T20:20:18","slug":"homelie-du-troisieme-dimanche-de-careme-2026","status":"publish","type":"post","link":"https:\/\/catholiques17.fr\/oleron\/homelie-du-troisieme-dimanche-de-careme-2026\/","title":{"rendered":"Hom\u00e9lie du troisi\u00e8me dimanche de car\u00eame 2026"},"content":{"rendered":"\n<p>Par Dominique Serre, diacre<\/p>\n\n\n\n<p>Aujourd\u2019hui\u00a0: troisi\u00e8me dimanche de car\u00eame sur notre chemin vers P\u00e2que, d\u00e9but\u00e9 le mercredi des cendres o\u00f9 nous avons accueilli l\u2019Esp\u00e9rance de voir les cieux s\u2019ouvrirent pour nous permettre de contempler la Gloire de Dieu comme nous le dit Saint Paul dans sa lettre aux Romains.<\/p>\n\n\n\n<p>Sur ce chemin, pour ne pas nous \u00e9garer, il nous faut faire le point. Et comme nous n\u2019avons pas de GPS, il nous est bon de reprendre la technique de l\u2019estime en consultant notre carnet de bord.<\/p>\n\n\n\n<p>Depuis le premier dimanche de car\u00eame, nous avons les yeux fix\u00e9s sur la belle image de J\u00e9sus&nbsp;lors de son bapt\u00eame sur lequel descend l\u2019Esprit Saint et qui entend une voix qui dit \u00ab&nbsp;celui-ci est mon Fils bien aim\u00e9&nbsp;; en lui je trouve toute ma Joie&nbsp;\u00bb. Puis c\u2019est aussit\u00f4t l\u2019image, toute aussi belle, de J\u00e9sus \u00ab&nbsp;jet\u00e9 dans le d\u00e9sert, dans un monde comme le notre, plein de fureur, de guerres (et aujourd\u2019hui nous prions pour que cessent toutes les guerres qui d\u00e9figurent notre monde), pour combattre le d\u00e9mon et ses tentations. Nous l\u2019avons vu en sortir vainqueur, accompagn\u00e9 par les anges pour le soutenir dans sa mission d\u2019annonce de La Bonne Nouvelle.<\/p>\n\n\n\n<p>Encore une belle image de J\u00e9sus pour le deuxi\u00e8me dimanche de car\u00eame, celui dit de \u00ab&nbsp;la transfiguration&nbsp;: une image de J\u00e9sus le montrant en compagnie de Mo\u00efse et d\u2019Elie dans la gloire de Dieu avec la voix entendue au bapt\u00eame, mais qui ajoute&nbsp;: \u00ab&nbsp;\u00e9coutez le&nbsp;\u00bb.<\/p>\n\n\n\n<p>Mais aujourd\u2019hui, en ce troisi\u00e8me dimanche de car\u00eame, notre chemin aborde un tournant&nbsp;: plus d\u2019image de J\u00e9sus en relation avec son P\u00e8re ou le d\u00e9mon, mais un J\u00e9sus en relations avec des hommes et des femmes bien concrets&nbsp;: une samaritaine, et un aveugle de naissance, puis, ses amies Marthe et Marie, et leur fr\u00e8re Lazare, les dimanches suivants.<\/p>\n\n\n\n<p>La premi\u00e8re lecture nous pr\u00e9sente en contraste avec un J\u00e9sus proche de tout un chacun un Mo\u00efse qui, suite aux r\u00e9criminations du peuple assoiff\u00e9, lui donne \u00e0 boire en frappant le rocher. Une attitude de Mo\u00efse qui en v\u00e9rit\u00e9 n\u2019est pas le dessin de Dieu qui lui avait demand\u00e9 de \u00ab&nbsp;parler&nbsp;\u00bb au rocher, non de le frapper par deux fois manifestant son manque de foi, ce qui lui vaudra de ne pas entrer en Terre Promise (Nb 20, 8).<\/p>\n\n\n\n<p>Dans cet \u00e9pisode de l\u2019\u00e9vangile de Saint Jean, pas de triomphalisme dans l\u2019attitude de J\u00e9sus pour satisfaire les d\u00e9sirs enfouis de la samaritaine.<\/p>\n\n\n\n<p>J\u00e9sus se fait le prochain de cette femme&nbsp;: il commence par reconna\u00eetre sa fatigue, une certaine vuln\u00e9rabilit\u00e9. Pas de surplomb de sa part dans la relation, mais de la \u00ab&nbsp;r\u00e9ciprocit\u00e9&nbsp;\u00bb comme le dit Thimoty Radklift o.p. De l\u00e0 il fait na\u00eetre de la confiance&nbsp;\u00ab&nbsp;donne-moi \u00e0 boire&nbsp;\u00bb : il demande avant de donner. Une confiance qui permet \u00e0 J\u00e9sus d\u2019\u00e9veiller un d\u00e9sir chez la samaritaine&nbsp;: \u00ab&nbsp;si tu savais le don de Dieu&nbsp;\u00bb&nbsp;; un d\u00e9sir que la conversation la conduise \u00e0 faire la v\u00e9rit\u00e9 dans sa vie, v\u00e9rit\u00e9 que J\u00e9sus authentifie&nbsp;: \u00ab&nbsp;l\u00e0, tu dis vrai&nbsp;\u00bb. Cela a pour effet d\u2019agir comme une r\u00e9v\u00e9lation pour cette femme&nbsp;: \u00ab&nbsp;je le vois bien, tu es un proph\u00e8te&nbsp;\u00bb.<\/p>\n\n\n\n<p>Alors le feu de brousse prend au sein de toutes les questions que se pose cette femme, jusqu\u2019aux questions religieuses. Elle entend qu\u2019elle est invit\u00e9e \u00e0 ne plus adorer Dieu, \u00e0 tourner son regard vers telle ou telle montagne, ou vers J\u00e9rusalem, mais le tourner \u00ab&nbsp;vers l\u2019Esprit et la V\u00e9rit\u00e9 \u00bb. Esprit de Dieu, Esprit d\u2019Amour&nbsp;! Nous retrouvons le Psaume 84&nbsp;: \u00ab&nbsp;Amour et V\u00e9rit\u00e9 se rencontrent&nbsp;; Justice et Paix s\u2019embrassent&nbsp;\u00bb&#8230;<\/p>\n\n\n\n<p>Alors \u00ab&nbsp;laissant sa cruche&nbsp;\u00bb, laissant sa vie troubl\u00e9e derri\u00e8re elle, voil\u00e0 que la samaritaine devient missionnaire et que les c\u0153urs des habitants du village voisin s\u2019embrasent d\u2019Amour \u00e0 leur tour.<\/p>\n\n\n\n<p>Puisse ce chemin \u00eatre le n\u00f4tre pour monter vers J\u00e9rusalem \u00e0 notre tour.<\/p>\n","protected":false},"excerpt":{"rendered":"<p>Par Dominique Serre, diacre Aujourd\u2019hui\u00a0: troisi\u00e8me dimanche de car\u00eame sur notre chemin vers P\u00e2que, d\u00e9but\u00e9 le mercredi des cendres o\u00f9 nous avons accueilli l\u2019Esp\u00e9rance de voir les cieux s\u2019ouvrirent pour [&hellip;]<\/p>\n","protected":false},"author":89,"featured_media":11321,"comment_status":"open","ping_status":"open","sticky":false,"template":"","format":"standard","meta":{"_et_pb_use_builder":"off","_et_pb_old_content":"","_et_gb_content_width":"","footnotes":""},"categories":[6],"tags":[],"class_list":["post-11320","post","type-post","status-publish","format-standard","has-post-thumbnail","hentry","category-actualite"],"_links":{"self":[{"href":"https:\/\/catholiques17.fr\/oleron\/wp-json\/wp\/v2\/posts\/11320","targetHints":{"allow":["GET"]}}],"collection":[{"href":"https:\/\/catholiques17.fr\/oleron\/wp-json\/wp\/v2\/posts"}],"about":[{"href":"https:\/\/catholiques17.fr\/oleron\/wp-json\/wp\/v2\/types\/post"}],"author":[{"embeddable":true,"href":"https:\/\/catholiques17.fr\/oleron\/wp-json\/wp\/v2\/users\/89"}],"replies":[{"embeddable":true,"href":"https:\/\/catholiques17.fr\/oleron\/wp-json\/wp\/v2\/comments?post=11320"}],"version-history":[{"count":2,"href":"https:\/\/catholiques17.fr\/oleron\/wp-json\/wp\/v2\/posts\/11320\/revisions"}],"predecessor-version":[{"id":11323,"href":"https:\/\/catholiques17.fr\/oleron\/wp-json\/wp\/v2\/posts\/11320\/revisions\/11323"}],"wp:featuredmedia":[{"embeddable":true,"href":"https:\/\/catholiques17.fr\/oleron\/wp-json\/wp\/v2\/media\/11321"}],"wp:attachment":[{"href":"https:\/\/catholiques17.fr\/oleron\/wp-json\/wp\/v2\/media?parent=11320"}],"wp:term":[{"taxonomy":"category","embeddable":true,"href":"https:\/\/catholiques17.fr\/oleron\/wp-json\/wp\/v2\/categories?post=11320"},{"taxonomy":"post_tag","embeddable":true,"href":"https:\/\/catholiques17.fr\/oleron\/wp-json\/wp\/v2\/tags?post=11320"}],"curies":[{"name":"wp","href":"https:\/\/api.w.org\/{rel}","templated":true}]}}