{"id":11277,"date":"2026-02-24T20:36:24","date_gmt":"2026-02-24T19:36:24","guid":{"rendered":"https:\/\/catholiques17.fr\/oleron\/?p=11277"},"modified":"2026-02-24T20:39:03","modified_gmt":"2026-02-24T19:39:03","slug":"homelie-du-premier-dimanche-de-careme-2026","status":"publish","type":"post","link":"https:\/\/catholiques17.fr\/oleron\/homelie-du-premier-dimanche-de-careme-2026\/","title":{"rendered":"Hom\u00e9lie du premier dimanche de car\u00eame 2026"},"content":{"rendered":"\n<p>Par Dominique Serre, diacre<\/p>\n\n\n\n<p>Ah&nbsp;! Les choses ne vont pas bien\u2026 Il nous est dit que les Fran\u00e7ais ne font plus assez d\u2019enfants. Les statistiques disent aussi qu\u2019il y a de moins en moins de chr\u00e9tiens&nbsp;: l\u2019Eglise fait de moins en moins \u00ab&nbsp;d\u2019enfants de Dieu&nbsp;\u00bb. Mais pourquoi&nbsp;? Peut-\u00eatre avons-nous du mal \u00e0 accueillir l\u2019Amour de Dieu qui plane sur ce monde en \u00e9moi et qui ouvre sur l\u2019infini, pousse vers l\u2019au-del\u00e0 de soi et projette vers de nouveaux horizons. Le contraire de la proposition du serpent qui, d\u2019apr\u00e8s la premi\u00e8re lecture, aboutit \u00e0 enfermer l\u2019homme et la femme des origines dans leur finitude, se d\u00e9couvrant dans leur nudit\u00e9, les cieux leur \u00e9tant ferm\u00e9s.<\/p>\n\n\n\n<p>Et puis, malgr\u00e9 tout cela, vous voil\u00e0&nbsp;! Vous quatre, Sirella, Pascals, Nicolas, Romain&nbsp;! Vous surgissez myst\u00e9rieusement dans nos vies, dans la vie de l\u2019Eglise qui est \u00e0 Ol\u00e9ron. Nous n\u2019avons rien fait et pourtant, nous sentons bien qu\u2019il y a dans vos c\u0153urs un grand d\u00e9sir d\u2019une vie bonne. Un grand d\u00e9sir qui vous a pouss\u00e9 \u00e0 vous lever pour voir si J\u00e9sus avec son Eglise ne serait pas celui qui pourrait vous conduire vers la Paix que vous cherchez.<\/p>\n\n\n\n<p>Alors vous avez pens\u00e9 au bapt\u00eame&nbsp;! Saviez-vous que le bapt\u00eame est une nouvelle naissance&nbsp;? J\u00e9sus le d\u00e9clare au pharisien Nicod\u00e8me qui vient le voir dans les t\u00e9n\u00e8bres de sa nuit \u00ab&nbsp;il vous faut na\u00eetre d\u2019en haut. Mais pour rena\u00eetre il vous faut une m\u00e8re. Du haut de la croix, J\u00e9sus confie ses disciples \u00e0 Marie&nbsp;: \u00ab&nbsp;voici ta m\u00e8re, voici ton fils&nbsp;\u00bb.<\/p>\n\n\n\n<p>Aujourd\u2019hui, dans cette \u00e9glise de Saint Pierre, en vous accueillant tous les quatre comme cat\u00e9chum\u00e8nes, c\u2019est son visage de M\u00e8re que la communaut\u00e9 paroissiale voudrait vous offrir. Comme une future m\u00e8re \u00e0 qui a \u00e9t\u00e9 fait l\u2019annonce d\u2019un \u00ab&nbsp;heureux \u00e9v\u00e8nement&nbsp;\u00bb voil\u00e0 qu\u2019elle se sent investie d\u2019une grande mission&nbsp;: faire advenir \u00e0 la vie ceux qu\u2019elle porte en son sein&nbsp;: c\u2019est le sens du terme \u00ab&nbsp;cat\u00e9chum\u00e9nat&nbsp;\u00bb, faire retentir la \u00ab&nbsp;Bonne Nouvelle&nbsp;\u00bb aux oreilles de ceux qui cherchent la Paix. Ainsi le cat\u00e9chum\u00e9nat est d\u2019abord un appel \u00e0 la conversion des baptis\u00e9s, avant d\u2019\u00eatre une proposition faite \u00e0 ceux qui cherchent le Dieu Vivant. Comme la bonne sant\u00e9 d\u2019une m\u00e8re pr\u00e9c\u00e8de celle de son enfant \u00e0 na\u00eetre.<\/p>\n\n\n\n<p>C\u2019est bien le sens de l\u2019\u00e9pisode de l\u2019\u00e9vangile de ce jour. Avant de commencer sa mission, rencontrer les hommes et les femmes de son temps, finalement tous cat\u00e9chum\u00e8nes, J\u00e9sus ne reste pas dans la Joie de son bapt\u00eame. D\u2019apr\u00e8s le texte, il est \u00ab&nbsp;jet\u00e9&nbsp;\u00bb par l\u2019Esprit au d\u00e9sert, l\u00e0 o\u00f9 il rencontre la mis\u00e8re du monde. Nous retrouvons l\u00e0 la violence que subit le nouveau n\u00e9 lors de sa naissance et que notre soci\u00e9t\u00e9 cherche toujours \u00e0 minimiser. Nous savons comment les m\u00e8res savent apaiser par leur bienveillance les angoisses bien naturelles de leurs nourrissons.<\/p>\n\n\n\n<p>Alors pour J\u00e9sus commence la conversion comme celle \u00e0 laquelle nous avons \u00e9t\u00e9 appel\u00e9s le mercredi des cendres afin que pour nous les cieux s\u2019ouvrent et que nous puissions y contempler la \u00ab&nbsp;gloire de Dieu \u00e0 la mani\u00e8re de Saint Etienne. Conversion dont la premi\u00e8re \u00e9tape est un retournement&nbsp;: souvenez-vous du fils prodigue r\u00e9duit \u00e0 la mis\u00e8re qui regarde sa situation. Ensuite vient le redressement, se relever de sa mis\u00e8re. Face au d\u00e9mon et \u00e0 ses tentations, J\u00e9sus affirme sa foi dans le Dieu de ses p\u00e8res en s\u2019appuyant sur les \u00e9critures, sur celles qu\u2019il conna\u00eet&nbsp;: le premier testament, comme il le fera avec les disciples d\u2019Emma\u00fcs. Enfin la troisi\u00e8me \u00e9tape&nbsp;: celle de l\u2019accomplissement des \u00e9critures dans sa vie, \u00ab&nbsp;l\u2019annonce de la Bonne Nouvelle aux pauvres&nbsp;\u00bb.<\/p>\n\n\n\n<p>Voil\u00e0 le chemin qui nous est trac\u00e9 par J\u00e9sus, que nous soyons baptis\u00e9s ou cat\u00e9chum\u00e8nes, pour monter avec lui \u00e0 J\u00e9rusalem et y voir se lever le soleil de P\u00e2que apr\u00e8s la nuit de la croix.<\/p>\n\n\n\n<div style=\"height:25px\" aria-hidden=\"true\" class=\"wp-block-spacer\"><\/div>\n","protected":false},"excerpt":{"rendered":"<p>Par Dominique Serre, diacre Ah&nbsp;! Les choses ne vont pas bien\u2026 Il nous est dit que les Fran\u00e7ais ne font plus assez d\u2019enfants. Les statistiques disent aussi qu\u2019il y a [&hellip;]<\/p>\n","protected":false},"author":89,"featured_media":11278,"comment_status":"open","ping_status":"open","sticky":false,"template":"","format":"standard","meta":{"_et_pb_use_builder":"off","_et_pb_old_content":"","_et_gb_content_width":"","footnotes":""},"categories":[6],"tags":[],"class_list":["post-11277","post","type-post","status-publish","format-standard","has-post-thumbnail","hentry","category-actualite"],"_links":{"self":[{"href":"https:\/\/catholiques17.fr\/oleron\/wp-json\/wp\/v2\/posts\/11277","targetHints":{"allow":["GET"]}}],"collection":[{"href":"https:\/\/catholiques17.fr\/oleron\/wp-json\/wp\/v2\/posts"}],"about":[{"href":"https:\/\/catholiques17.fr\/oleron\/wp-json\/wp\/v2\/types\/post"}],"author":[{"embeddable":true,"href":"https:\/\/catholiques17.fr\/oleron\/wp-json\/wp\/v2\/users\/89"}],"replies":[{"embeddable":true,"href":"https:\/\/catholiques17.fr\/oleron\/wp-json\/wp\/v2\/comments?post=11277"}],"version-history":[{"count":2,"href":"https:\/\/catholiques17.fr\/oleron\/wp-json\/wp\/v2\/posts\/11277\/revisions"}],"predecessor-version":[{"id":11280,"href":"https:\/\/catholiques17.fr\/oleron\/wp-json\/wp\/v2\/posts\/11277\/revisions\/11280"}],"wp:featuredmedia":[{"embeddable":true,"href":"https:\/\/catholiques17.fr\/oleron\/wp-json\/wp\/v2\/media\/11278"}],"wp:attachment":[{"href":"https:\/\/catholiques17.fr\/oleron\/wp-json\/wp\/v2\/media?parent=11277"}],"wp:term":[{"taxonomy":"category","embeddable":true,"href":"https:\/\/catholiques17.fr\/oleron\/wp-json\/wp\/v2\/categories?post=11277"},{"taxonomy":"post_tag","embeddable":true,"href":"https:\/\/catholiques17.fr\/oleron\/wp-json\/wp\/v2\/tags?post=11277"}],"curies":[{"name":"wp","href":"https:\/\/api.w.org\/{rel}","templated":true}]}}