{"id":11261,"date":"2026-02-19T13:07:41","date_gmt":"2026-02-19T12:07:41","guid":{"rendered":"https:\/\/catholiques17.fr\/oleron\/?p=11261"},"modified":"2026-02-20T19:29:29","modified_gmt":"2026-02-20T18:29:29","slug":"homelie-du-sixieme-dimanche-du-temps-ordinaire-2026","status":"publish","type":"post","link":"https:\/\/catholiques17.fr\/oleron\/homelie-du-sixieme-dimanche-du-temps-ordinaire-2026\/","title":{"rendered":"Hom\u00e9lie du sixi\u00e8me dimanche du temps ordinaire 2026"},"content":{"rendered":"\n<p>Par Dominique, diacre<\/p>\n\n\n\n<p>Un choix&nbsp;: l\u2019Evangile du jour ou lecture br\u00e8ve&nbsp;? Choix d\u2019une liturgie pour une messe anticip\u00e9e comme il \u00e9tait d\u2019usage autrefois pour une \u00ab&nbsp;petite messe&nbsp;\u00bb ou pour la \u00ab&nbsp;grande messe de 11 H&nbsp;\u00bb&nbsp;?<\/p>\n\n\n\n<p>La lecture br\u00e8ve&nbsp;commence par&nbsp;:<\/p>\n\n\n\n<p>\u00ab&nbsp;Si votre justice ne surpasse pas celle des scribes et des pharisiens, vous n\u2019entrerez pas dans le Royaume des Cieux&nbsp;\u00bb.<\/p>\n\n\n\n<p>Pr\u00e9sentation d\u2019un J\u00e9sus politique ou religieux, voir proph\u00e8te au mieux.<\/p>\n\n\n\n<p>Mais pour qui se prend-t-il&nbsp;? Nazareth&nbsp;! N\u2019est-il pas le fils du charpentier&nbsp;?&#8230;<\/p>\n\n\n\n<p>On se croirait \u00e0 l\u2019Assembl\u00e9e&nbsp;: du haut de la tribune, critique de ce que font les autres, les scribes et les pharisiens&nbsp;!<\/p>\n\n\n\n<p>Dans la lecture que nous venons d\u2019\u00e9couter&nbsp;:<\/p>\n\n\n\n<p>\u00ab&nbsp;Je ne suis pas venu abolir, mais accomplir&nbsp;\u00bb.<\/p>\n\n\n\n<p>J\u00e9sus, du haut du Mont des B\u00e9atitudes, ne se pr\u00e9sente pas comme un religieux, ni comme un proph\u00e8te, ni m\u00eame comme l\u2019\u00e9gal de Mo\u00efse, mais comme \u00ab&nbsp;Fils de Dieu, incarnation du Verbe, comme Celui reconnu par le P\u00e8re \u00e0 l\u2019heure de son bapt\u00eame. Il dit son nom&nbsp;: \u00ab&nbsp;Je suis&nbsp;\u00bb \u00e0 travers sa mission. Entendons-nous celui qui parle du \u00ab&nbsp;c\u0153ur du buisson ardent&nbsp;\u00bb&nbsp;?<\/p>\n\n\n\n<p>Un choix&nbsp;: pas celui de d\u00e9cider quelle lecture nous devions entendre ce soir, mais d\u2019entendre la question de savoir quel J\u00e9sus nous voulons suivre&nbsp;? Celui qu\u2019esp\u00e8re Mo\u00efse au pied du Sina\u00ef, le Messie d\u2019Isra\u00ebl, ou le J\u00e9sus du Mont des B\u00e9atitudes qui nous appelle \u00e0 faire corps avec lui jusqu\u2019\u00e0 J\u00e9rusalem pour y mourir et ressusciter avec Lui.<\/p>\n\n\n\n<p> Que se soit Ben Sirac le sage, Paul dans sa lettre aux Corinthiens ou Mathieu, tous les trois, en nous pr\u00e9sentant la bienveillance de Dieu pour l\u2019homme, nous rappellent que nous avons \u00e0 poser un acte de foi\u00a0: en homme ou femme responsable, quel Dieu voulons-nous suivre\u00a0? En ce premier jour de la semaine, en nous dirigeant vers le d\u00e9but du car\u00eame, pensons aux futurs cat\u00e9chum\u00e8nes que nous accueillerons dimanche prochain, cat\u00e9chum\u00e8nes que nous inviterons \u00e0 prendre avec nous le joug de J\u00e9sus auquel nous nous serons attel\u00e9s le mercredi des Cendres, pour marcher ensemble vers la communion fraternelle.<\/p>\n\n\n\n<div style=\"height:30px\" aria-hidden=\"true\" class=\"wp-block-spacer\"><\/div>\n","protected":false},"excerpt":{"rendered":"<p>Par Dominique, diacre Un choix&nbsp;: l\u2019Evangile du jour ou lecture br\u00e8ve&nbsp;? Choix d\u2019une liturgie pour une messe anticip\u00e9e comme il \u00e9tait d\u2019usage autrefois pour une \u00ab&nbsp;petite messe&nbsp;\u00bb ou pour la [&hellip;]<\/p>\n","protected":false},"author":89,"featured_media":11267,"comment_status":"open","ping_status":"open","sticky":false,"template":"","format":"standard","meta":{"_et_pb_use_builder":"off","_et_pb_old_content":"","_et_gb_content_width":"","footnotes":""},"categories":[6],"tags":[],"class_list":["post-11261","post","type-post","status-publish","format-standard","has-post-thumbnail","hentry","category-actualite"],"_links":{"self":[{"href":"https:\/\/catholiques17.fr\/oleron\/wp-json\/wp\/v2\/posts\/11261","targetHints":{"allow":["GET"]}}],"collection":[{"href":"https:\/\/catholiques17.fr\/oleron\/wp-json\/wp\/v2\/posts"}],"about":[{"href":"https:\/\/catholiques17.fr\/oleron\/wp-json\/wp\/v2\/types\/post"}],"author":[{"embeddable":true,"href":"https:\/\/catholiques17.fr\/oleron\/wp-json\/wp\/v2\/users\/89"}],"replies":[{"embeddable":true,"href":"https:\/\/catholiques17.fr\/oleron\/wp-json\/wp\/v2\/comments?post=11261"}],"version-history":[{"count":4,"href":"https:\/\/catholiques17.fr\/oleron\/wp-json\/wp\/v2\/posts\/11261\/revisions"}],"predecessor-version":[{"id":11266,"href":"https:\/\/catholiques17.fr\/oleron\/wp-json\/wp\/v2\/posts\/11261\/revisions\/11266"}],"wp:featuredmedia":[{"embeddable":true,"href":"https:\/\/catholiques17.fr\/oleron\/wp-json\/wp\/v2\/media\/11267"}],"wp:attachment":[{"href":"https:\/\/catholiques17.fr\/oleron\/wp-json\/wp\/v2\/media?parent=11261"}],"wp:term":[{"taxonomy":"category","embeddable":true,"href":"https:\/\/catholiques17.fr\/oleron\/wp-json\/wp\/v2\/categories?post=11261"},{"taxonomy":"post_tag","embeddable":true,"href":"https:\/\/catholiques17.fr\/oleron\/wp-json\/wp\/v2\/tags?post=11261"}],"curies":[{"name":"wp","href":"https:\/\/api.w.org\/{rel}","templated":true}]}}