{"id":11076,"date":"2025-12-30T15:22:19","date_gmt":"2025-12-30T14:22:19","guid":{"rendered":"https:\/\/catholiques17.fr\/oleron\/?p=11076"},"modified":"2025-12-30T20:15:36","modified_gmt":"2025-12-30T19:15:36","slug":"homelie-du-25-decembre-2025","status":"publish","type":"post","link":"https:\/\/catholiques17.fr\/oleron\/homelie-du-25-decembre-2025\/","title":{"rendered":"Hom\u00e9lie du 25 d\u00e9cembre"},"content":{"rendered":"\n<p>Par Dominique Serre<\/p>\n\n\n\n<p class=\"has-text-align-left\">Chers fr\u00e8res et s\u0153urs, quelle nuit&nbsp;! Hier soir, \u00e0 Saint Georges, nous avons entendu les anges nous annoncer une grande nouvelle&nbsp;: un sauveur nous est n\u00e9. Nous \u00e9tions avec des bergers qui, comme nous, sentaient le poids d\u2019une vie pesante&nbsp;dans un monde d\u00e9sorganis\u00e9 : le conte de la veill\u00e9e nous le disait bien. Mais une esp\u00e9rance \u00e9tait au c\u0153ur de chacun, des c\u0153urs qui \u00e9taient dans une nuit int\u00e9rieure, et qui tout d\u2019un coup se sont retrouv\u00e9s dans une grande lumi\u00e8re, se r\u00e9jouissant de la promesse qui leur \u00e9tait faite&nbsp;: \u00ab&nbsp;vous trouverez un enfant emmaillot\u00e9 couch\u00e9 dans une mangeoire&nbsp;\u00bb. Promesse \u00e9nigmatique mais qui nous a entra\u00een\u00e9 \u00e0 chanter avec les bergers, \u00e0 pleine voix&nbsp;notre joie : \u00ab&nbsp;gloire \u00e0 Dieu au plus haut des cieux&nbsp;!&nbsp;\u00bb<\/p>\n\n\n\n<p class=\"has-text-align-left\">Alors avec les bergers, comme avec ces parents Abraham et Sarah \u00e0 qui Dieu promet une descendance alors que Sarah est st\u00e9rile, ou comme avec les h\u00e9breux lorsqu\u2019en Egypte ils entendent la promesse de lib\u00e9ration et au pied du Sina\u00ef le don de la loi, et encore comme avec Joseph et Marie qui entendent l\u2019annonce de la naissance de J\u00e9sus, nous sommes partis avec h\u00e2te vers la cr\u00e8che. Nous venons la contempler et y d\u00e9couvrir l\u2019ouverture \u00e0 un monde nouveau dans lequel chacun a \u00e0 prendre sa juste place. Il sera donn\u00e9 \u00e0 Elisabeth de le ressentir lors de la \u00ab&nbsp;Visitation&nbsp;\u00bb, en percevant la relation entre Jean Baptiste et J\u00e9sus, et entendant Marie chanter le Magnificat. Marie \u00e9tait l\u00e0, avec Joseph et J\u00e9sus, et \u00ab&nbsp;m\u00e9ditait tous ces \u00e9v\u00e8nements dans son c\u0153ur&nbsp;\u00bb.<\/p>\n\n\n\n<p class=\"has-text-align-left\">Ce matin nous contemplons encore, sans nous lasser, la cr\u00e8che. Et nous entendons \u00e0 travers les lectures qui nous sont propos\u00e9es aujourd\u2019hui les fruits de toutes les m\u00e9ditations des disciples de J\u00e9sus. \u00c0 la suite de Marie envoy\u00e9e avec l\u2019ap\u00f4tre Jean par son fils crucifi\u00e9, ils nous r\u00e9v\u00e8lent ce Dieu qui a pris chair et est venu partager notre condition humaine. Un enfant qui deviendra fils nous appelant \u00e0 \u00eatre \u00e0 sa suite enfant de Dieu pour devenir fils de Dieu dans le Fils.<\/p>\n\n\n\n<p class=\"has-text-align-left\">Ainsi les lectures d\u2019aujourd\u2019hui nous invitent-elles \u00e0 m\u00e9diter sur l\u2019histoire du Salut pour partir, avec h\u00e2te, t\u00e9moigner de ce que nous avons re\u00e7u&nbsp;: le don de Dieu, une histoire qui commence, pour nous les hommes, \u00e0 la cr\u00e9ation et s\u2019ouvre sur la promesse de la vie \u00e9ternelle.<\/p>\n\n\n\n<p class=\"has-text-align-left has-vivid-cyan-blue-color has-text-color has-link-color has-small-font-size wp-elements-c56b96843aa4bd30994985ae12d45085\"><a href=\"https:\/\/catholiques17.fr\/oleron\/wp-content\/uploads\/sites\/30\/2025\/12\/Homelie-25-12-2025_relu-Lo.pdf\" target=\"_blank\" rel=\"noreferrer noopener\">T\u00e9l\u00e9charger le texte en cliquant ici<\/a><\/p>\n","protected":false},"excerpt":{"rendered":"<p>Par Dominique Serre Chers fr\u00e8res et s\u0153urs, quelle nuit&nbsp;! Hier soir, \u00e0 Saint Georges, nous avons entendu les anges nous annoncer une grande nouvelle&nbsp;: un sauveur nous est n\u00e9. Nous [&hellip;]<\/p>\n","protected":false},"author":89,"featured_media":11077,"comment_status":"open","ping_status":"open","sticky":false,"template":"","format":"standard","meta":{"_et_pb_use_builder":"off","_et_pb_old_content":"","_et_gb_content_width":"","footnotes":""},"categories":[6,47],"tags":[],"class_list":["post-11076","post","type-post","status-publish","format-standard","has-post-thumbnail","hentry","category-actualite","category-paroisse"],"_links":{"self":[{"href":"https:\/\/catholiques17.fr\/oleron\/wp-json\/wp\/v2\/posts\/11076","targetHints":{"allow":["GET"]}}],"collection":[{"href":"https:\/\/catholiques17.fr\/oleron\/wp-json\/wp\/v2\/posts"}],"about":[{"href":"https:\/\/catholiques17.fr\/oleron\/wp-json\/wp\/v2\/types\/post"}],"author":[{"embeddable":true,"href":"https:\/\/catholiques17.fr\/oleron\/wp-json\/wp\/v2\/users\/89"}],"replies":[{"embeddable":true,"href":"https:\/\/catholiques17.fr\/oleron\/wp-json\/wp\/v2\/comments?post=11076"}],"version-history":[{"count":9,"href":"https:\/\/catholiques17.fr\/oleron\/wp-json\/wp\/v2\/posts\/11076\/revisions"}],"predecessor-version":[{"id":11090,"href":"https:\/\/catholiques17.fr\/oleron\/wp-json\/wp\/v2\/posts\/11076\/revisions\/11090"}],"wp:featuredmedia":[{"embeddable":true,"href":"https:\/\/catholiques17.fr\/oleron\/wp-json\/wp\/v2\/media\/11077"}],"wp:attachment":[{"href":"https:\/\/catholiques17.fr\/oleron\/wp-json\/wp\/v2\/media?parent=11076"}],"wp:term":[{"taxonomy":"category","embeddable":true,"href":"https:\/\/catholiques17.fr\/oleron\/wp-json\/wp\/v2\/categories?post=11076"},{"taxonomy":"post_tag","embeddable":true,"href":"https:\/\/catholiques17.fr\/oleron\/wp-json\/wp\/v2\/tags?post=11076"}],"curies":[{"name":"wp","href":"https:\/\/api.w.org\/{rel}","templated":true}]}}