{"id":10972,"date":"2025-12-02T10:11:32","date_gmt":"2025-12-02T09:11:32","guid":{"rendered":"https:\/\/catholiques17.fr\/oleron\/?p=10972"},"modified":"2025-12-08T16:22:29","modified_gmt":"2025-12-08T15:22:29","slug":"photos-de-la-rencontre-avec-mgr-bozo-le-30-novembre","status":"publish","type":"post","link":"https:\/\/catholiques17.fr\/oleron\/photos-de-la-rencontre-avec-mgr-bozo-le-30-novembre\/","title":{"rendered":"Photos de la messe unique c\u00e9l\u00e9br\u00e9e par Mgr Bozo le 7\/12 et de la rencontre du 30\/11"},"content":{"rendered":"\n<p>Photos de la c\u00e9l\u00e9bration du dimanche 7 d\u00e9cembre \u00e0 Saint-Pierre-d&rsquo;Ol\u00e9ron<\/p>\n\n\n\n<div style=\"height:20px\" aria-hidden=\"true\" class=\"wp-block-spacer\"><\/div>\n\n\n\n<div class=\"wp-block-columns is-layout-flex wp-container-core-columns-is-layout-9d6595d7 wp-block-columns-is-layout-flex\">\n<div class=\"wp-block-column is-layout-flow wp-block-column-is-layout-flow\">\n<figure class=\"wp-block-image size-full\"><img loading=\"lazy\" decoding=\"async\" width=\"640\" height=\"480\" src=\"https:\/\/catholiques17.fr\/oleron\/wp-content\/uploads\/sites\/30\/2025\/12\/IMG_2822.jpg\" alt=\"\" class=\"wp-image-10998\" srcset=\"https:\/\/catholiques17.fr\/oleron\/wp-content\/uploads\/sites\/30\/2025\/12\/IMG_2822.jpg 640w, https:\/\/catholiques17.fr\/oleron\/wp-content\/uploads\/sites\/30\/2025\/12\/IMG_2822-480x360.jpg 480w\" sizes=\"(min-width: 0px) and (max-width: 480px) 480px, (min-width: 481px) 640px, 100vw\" \/><\/figure>\n<\/div>\n\n\n\n<div class=\"wp-block-column is-layout-flow wp-block-column-is-layout-flow\">\n<figure class=\"wp-block-image size-full\"><img loading=\"lazy\" decoding=\"async\" width=\"640\" height=\"480\" src=\"https:\/\/catholiques17.fr\/oleron\/wp-content\/uploads\/sites\/30\/2025\/12\/IMG_2823.jpg\" alt=\"\" class=\"wp-image-10999\" srcset=\"https:\/\/catholiques17.fr\/oleron\/wp-content\/uploads\/sites\/30\/2025\/12\/IMG_2823.jpg 640w, https:\/\/catholiques17.fr\/oleron\/wp-content\/uploads\/sites\/30\/2025\/12\/IMG_2823-480x360.jpg 480w\" sizes=\"(min-width: 0px) and (max-width: 480px) 480px, (min-width: 481px) 640px, 100vw\" \/><\/figure>\n<\/div>\n\n\n\n<div class=\"wp-block-column is-layout-flow wp-block-column-is-layout-flow\">\n<figure class=\"wp-block-image size-full\"><img loading=\"lazy\" decoding=\"async\" width=\"640\" height=\"480\" src=\"https:\/\/catholiques17.fr\/oleron\/wp-content\/uploads\/sites\/30\/2025\/12\/IMG_2824.jpg\" alt=\"\" class=\"wp-image-11000\" srcset=\"https:\/\/catholiques17.fr\/oleron\/wp-content\/uploads\/sites\/30\/2025\/12\/IMG_2824.jpg 640w, https:\/\/catholiques17.fr\/oleron\/wp-content\/uploads\/sites\/30\/2025\/12\/IMG_2824-480x360.jpg 480w\" sizes=\"(min-width: 0px) and (max-width: 480px) 480px, (min-width: 481px) 640px, 100vw\" \/><\/figure>\n\n\n\n<div class=\"wp-block-columns is-layout-flex wp-container-core-columns-is-layout-9d6595d7 wp-block-columns-is-layout-flex\">\n<div class=\"wp-block-column is-layout-flow wp-block-column-is-layout-flow\"><\/div>\n\n\n\n<div class=\"wp-block-column is-layout-flow wp-block-column-is-layout-flow\"><\/div>\n<\/div>\n<\/div>\n<\/div>\n\n\n\n<div style=\"height:28px\" aria-hidden=\"true\" class=\"wp-block-spacer\"><\/div>\n\n\n\n<p>Photos de la rencontre avec Mgr BOZO \u00e0 Rochefort, dimanche 30 novembre<br>Pr\u00e9sentation des paroisses du doyenn\u00e9<\/p>\n\n\n\n<div style=\"height:29px\" aria-hidden=\"true\" class=\"wp-block-spacer\"><\/div>\n\n\n\n<div style=\"height:21px\" aria-hidden=\"true\" class=\"wp-block-spacer\"><\/div>\n\n\n\n<div class=\"wp-block-columns is-layout-flex wp-container-core-columns-is-layout-9d6595d7 wp-block-columns-is-layout-flex\">\n<div class=\"wp-block-column is-layout-flow wp-block-column-is-layout-flow\">\n<figure class=\"wp-block-image size-full is-resized\"><img loading=\"lazy\" decoding=\"async\" width=\"169\" height=\"278\" src=\"https:\/\/catholiques17.fr\/oleron\/wp-content\/uploads\/sites\/30\/2025\/12\/2025-11-30-2-3.jpg\" alt=\"\" class=\"wp-image-10975\" style=\"width:164px;height:auto\" \/><\/figure>\n<\/div>\n\n\n\n<div class=\"wp-block-column is-layout-flow wp-block-column-is-layout-flow\">\n<figure class=\"wp-block-image size-full\"><img loading=\"lazy\" decoding=\"async\" width=\"462\" height=\"433\" src=\"https:\/\/catholiques17.fr\/oleron\/wp-content\/uploads\/sites\/30\/2025\/12\/2025-11-30-2-11.jpg\" alt=\"\" class=\"wp-image-10974\" srcset=\"https:\/\/catholiques17.fr\/oleron\/wp-content\/uploads\/sites\/30\/2025\/12\/2025-11-30-2-11.jpg 462w, https:\/\/catholiques17.fr\/oleron\/wp-content\/uploads\/sites\/30\/2025\/12\/2025-11-30-2-11-300x281.jpg 300w\" sizes=\"(max-width: 462px) 100vw, 462px\" \/><\/figure>\n<\/div>\n\n\n\n<div class=\"wp-block-column is-layout-flow wp-block-column-is-layout-flow\">\n<figure class=\"wp-block-image size-full\"><img loading=\"lazy\" decoding=\"async\" width=\"300\" height=\"529\" src=\"https:\/\/catholiques17.fr\/oleron\/wp-content\/uploads\/sites\/30\/2025\/12\/2025-11-30-2-8.jpg\" alt=\"\" class=\"wp-image-10973\" srcset=\"https:\/\/catholiques17.fr\/oleron\/wp-content\/uploads\/sites\/30\/2025\/12\/2025-11-30-2-8.jpg 300w, https:\/\/catholiques17.fr\/oleron\/wp-content\/uploads\/sites\/30\/2025\/12\/2025-11-30-2-8-170x300.jpg 170w\" sizes=\"(max-width: 300px) 100vw, 300px\" \/><\/figure>\n<\/div>\n<\/div>\n\n\n\n<div style=\"height:32px\" aria-hidden=\"true\" class=\"wp-block-spacer\"><\/div>\n","protected":false},"excerpt":{"rendered":"<p>Photos de la c\u00e9l\u00e9bration du dimanche 7 d\u00e9cembre \u00e0 Saint-Pierre-d&rsquo;Ol\u00e9ron Photos de la rencontre avec Mgr BOZO \u00e0 Rochefort, dimanche 30 novembrePr\u00e9sentation des paroisses du doyenn\u00e9<\/p>\n","protected":false},"author":89,"featured_media":0,"comment_status":"open","ping_status":"open","sticky":false,"template":"","format":"standard","meta":{"_et_pb_use_builder":"off","_et_pb_old_content":"","_et_gb_content_width":"","footnotes":""},"categories":[6],"tags":[],"class_list":["post-10972","post","type-post","status-publish","format-standard","hentry","category-actualite"],"_links":{"self":[{"href":"https:\/\/catholiques17.fr\/oleron\/wp-json\/wp\/v2\/posts\/10972","targetHints":{"allow":["GET"]}}],"collection":[{"href":"https:\/\/catholiques17.fr\/oleron\/wp-json\/wp\/v2\/posts"}],"about":[{"href":"https:\/\/catholiques17.fr\/oleron\/wp-json\/wp\/v2\/types\/post"}],"author":[{"embeddable":true,"href":"https:\/\/catholiques17.fr\/oleron\/wp-json\/wp\/v2\/users\/89"}],"replies":[{"embeddable":true,"href":"https:\/\/catholiques17.fr\/oleron\/wp-json\/wp\/v2\/comments?post=10972"}],"version-history":[{"count":10,"href":"https:\/\/catholiques17.fr\/oleron\/wp-json\/wp\/v2\/posts\/10972\/revisions"}],"predecessor-version":[{"id":11009,"href":"https:\/\/catholiques17.fr\/oleron\/wp-json\/wp\/v2\/posts\/10972\/revisions\/11009"}],"wp:attachment":[{"href":"https:\/\/catholiques17.fr\/oleron\/wp-json\/wp\/v2\/media?parent=10972"}],"wp:term":[{"taxonomy":"category","embeddable":true,"href":"https:\/\/catholiques17.fr\/oleron\/wp-json\/wp\/v2\/categories?post=10972"},{"taxonomy":"post_tag","embeddable":true,"href":"https:\/\/catholiques17.fr\/oleron\/wp-json\/wp\/v2\/tags?post=10972"}],"curies":[{"name":"wp","href":"https:\/\/api.w.org\/{rel}","templated":true}]}}