{"id":10932,"date":"2025-12-02T10:10:35","date_gmt":"2025-12-02T09:10:35","guid":{"rendered":"https:\/\/catholiques17.fr\/oleron\/?p=10932"},"modified":"2025-12-02T10:10:36","modified_gmt":"2025-12-02T09:10:36","slug":"suggestion-de-citations-a-mediter-pendant-lavent","status":"publish","type":"post","link":"https:\/\/catholiques17.fr\/oleron\/suggestion-de-citations-a-mediter-pendant-lavent\/","title":{"rendered":"Suggestion de citations \u00e0 m\u00e9diter pendant l\u2019Avent"},"content":{"rendered":"\n<div style=\"height:36px\" aria-hidden=\"true\" class=\"wp-block-spacer\"><\/div>\n\n\n\n<p><em>par Laurence<\/em><\/p>\n\n\n\n<p><strong>Le mot \u00ab&nbsp;avent&nbsp;\u00bb est emprunt\u00e9 au <\/strong><strong>latin eccl\u00e9siastique<\/strong><strong> <\/strong><strong><em>adventus<\/em><\/strong><strong>, d\u00e9riv\u00e9 du <\/strong><strong>latin classique<\/strong><strong> <\/strong><strong><em>advenire<\/em><\/strong><strong> (\u00ab&nbsp;arriver&nbsp;\u00bb). <\/strong><strong>Il<\/strong><strong> d\u00e9signe <\/strong><strong>la p\u00e9riode de pr\u00e9paration \u00e0<\/strong><strong> l<\/strong><strong>a <\/strong><strong>N<\/strong><strong>a<\/strong><strong>tivit\u00e9, <\/strong><strong>t<\/strong><strong>emps id\u00e9al <\/strong><strong>pour <\/strong><strong>purifier notre c<\/strong><strong>\u0153<\/strong><strong>ur et <\/strong><strong>r<\/strong><strong>aviv<\/strong><strong>er<\/strong><strong> la pr\u00e9sence du Christ dans nos vies.<\/strong><\/p>\n\n\n\n<p><strong>Dans cette id\u00e9e, vous trouverez en cliquant <a href=\"https:\/\/catholiques17.fr\/oleron\/wp-content\/uploads\/sites\/30\/2025\/11\/Citations-Avent.pdf\" data-type=\"link\" data-id=\"https:\/\/catholiques17.fr\/oleron\/wp-content\/uploads\/sites\/30\/2025\/11\/Citations-Avent.pdf\" target=\"_blank\" rel=\"noreferrer noopener\">ici<\/a> une proposition de citations inspirantes \u00e0 m\u00e9diter, extraites de la Bible ainsi qu\u2019emprunt\u00e9es \u00e0 de grands religieux et mystiques. Le choix de th\u00e8me pour chaque dimanche de l\u2019Avent est une invitation \u00e0 orienter la r\u00e9flexion, dans un premier temps sur la volont\u00e9 humaine avec le libre arbitre, puis sur le sentiment avec l\u2019aspect sagesse et amour, ensuite sur la pens\u00e9e avec l\u2019aspect v\u00e9rit\u00e9 et libert\u00e9, et enfin sur l\u2019\u00e2me avec la foi.<\/strong><\/p>\n","protected":false},"excerpt":{"rendered":"<p>par Laurence Le mot \u00ab&nbsp;avent&nbsp;\u00bb est emprunt\u00e9 au latin eccl\u00e9siastique adventus, d\u00e9riv\u00e9 du latin classique advenire (\u00ab&nbsp;arriver&nbsp;\u00bb). Il d\u00e9signe la p\u00e9riode de pr\u00e9paration \u00e0 la Nativit\u00e9, temps id\u00e9al pour purifier [&hellip;]<\/p>\n","protected":false},"author":89,"featured_media":10929,"comment_status":"open","ping_status":"open","sticky":false,"template":"","format":"standard","meta":{"_et_pb_use_builder":"off","_et_pb_old_content":"","_et_gb_content_width":"","footnotes":""},"categories":[6],"tags":[],"class_list":["post-10932","post","type-post","status-publish","format-standard","has-post-thumbnail","hentry","category-actualite"],"_links":{"self":[{"href":"https:\/\/catholiques17.fr\/oleron\/wp-json\/wp\/v2\/posts\/10932","targetHints":{"allow":["GET"]}}],"collection":[{"href":"https:\/\/catholiques17.fr\/oleron\/wp-json\/wp\/v2\/posts"}],"about":[{"href":"https:\/\/catholiques17.fr\/oleron\/wp-json\/wp\/v2\/types\/post"}],"author":[{"embeddable":true,"href":"https:\/\/catholiques17.fr\/oleron\/wp-json\/wp\/v2\/users\/89"}],"replies":[{"embeddable":true,"href":"https:\/\/catholiques17.fr\/oleron\/wp-json\/wp\/v2\/comments?post=10932"}],"version-history":[{"count":1,"href":"https:\/\/catholiques17.fr\/oleron\/wp-json\/wp\/v2\/posts\/10932\/revisions"}],"predecessor-version":[{"id":10933,"href":"https:\/\/catholiques17.fr\/oleron\/wp-json\/wp\/v2\/posts\/10932\/revisions\/10933"}],"wp:featuredmedia":[{"embeddable":true,"href":"https:\/\/catholiques17.fr\/oleron\/wp-json\/wp\/v2\/media\/10929"}],"wp:attachment":[{"href":"https:\/\/catholiques17.fr\/oleron\/wp-json\/wp\/v2\/media?parent=10932"}],"wp:term":[{"taxonomy":"category","embeddable":true,"href":"https:\/\/catholiques17.fr\/oleron\/wp-json\/wp\/v2\/categories?post=10932"},{"taxonomy":"post_tag","embeddable":true,"href":"https:\/\/catholiques17.fr\/oleron\/wp-json\/wp\/v2\/tags?post=10932"}],"curies":[{"name":"wp","href":"https:\/\/api.w.org\/{rel}","templated":true}]}}