{"id":10924,"date":"2025-12-02T10:10:51","date_gmt":"2025-12-02T09:10:51","guid":{"rendered":"https:\/\/catholiques17.fr\/oleron\/?p=10924"},"modified":"2025-12-20T11:07:22","modified_gmt":"2025-12-20T10:07:22","slug":"calendrier-de-lavent","status":"publish","type":"post","link":"https:\/\/catholiques17.fr\/oleron\/calendrier-de-lavent\/","title":{"rendered":"Avent : cr\u00e8ches, calendrier &amp; extraits de la newsletter du dioc\u00e8se"},"content":{"rendered":"\n<p class=\"has-text-align-center\">Cr\u00e8che No\u00ebl 2025 de Saint-Pierre d&rsquo;Ol\u00e9ron<\/p>\n\n\n\n<div style=\"height:23px\" aria-hidden=\"true\" class=\"wp-block-spacer\"><\/div>\n\n\n\n<figure class=\"wp-block-image aligncenter size-full\"><img loading=\"lazy\" decoding=\"async\" width=\"480\" height=\"640\" src=\"https:\/\/catholiques17.fr\/oleron\/wp-content\/uploads\/sites\/30\/2025\/12\/IMG_2818-rotated.jpg\" alt=\"\" class=\"wp-image-10997\" srcset=\"https:\/\/catholiques17.fr\/oleron\/wp-content\/uploads\/sites\/30\/2025\/12\/IMG_2818-rotated.jpg 480w, https:\/\/catholiques17.fr\/oleron\/wp-content\/uploads\/sites\/30\/2025\/12\/IMG_2818-225x300.jpg 225w\" sizes=\"(max-width: 480px) 100vw, 480px\" \/><figcaption class=\"wp-element-caption\">Cr\u00e8che de la Br\u00e9e<\/figcaption><\/figure>\n\n\n\n<div style=\"height:28px\" aria-hidden=\"true\" class=\"wp-block-spacer\"><\/div>\n\n\n\n<figure class=\"wp-block-image aligncenter size-full\"><a href=\"https:\/\/catholiques17.fr\/calendrier-de-lavent-2025\/\" target=\"_blank\" rel=\" noreferrer noopener\"><img loading=\"lazy\" decoding=\"async\" width=\"800\" height=\"566\" src=\"https:\/\/catholiques17.fr\/oleron\/wp-content\/uploads\/sites\/30\/2025\/11\/image_calendrierAvent.jpg\" alt=\"\" class=\"wp-image-10925\" srcset=\"https:\/\/catholiques17.fr\/oleron\/wp-content\/uploads\/sites\/30\/2025\/11\/image_calendrierAvent.jpg 800w, https:\/\/catholiques17.fr\/oleron\/wp-content\/uploads\/sites\/30\/2025\/11\/image_calendrierAvent-480x340.jpg 480w\" sizes=\"(min-width: 0px) and (max-width: 480px) 480px, (min-width: 481px) 800px, 100vw\" \/><\/a><\/figure>\n\n\n\n<div style=\"height:33px\" aria-hidden=\"true\" class=\"wp-block-spacer\"><\/div>\n\n\n\n<p>Texte \u00e0 m\u00e9diter pour le <a href=\"https:\/\/catholiques17.fr\/premier-dimanche-de-lavent-lesperance\/\" target=\"_blank\" rel=\"noreferrer noopener\">premier dimanche de l&rsquo;Avent issu de la newsletter du dioc\u00e8se<\/a> :<\/p>\n\n\n\n<p>Extrait du message de&nbsp;L\u00e9on XIV pour la journ\u00e9e mondiale des pauvres du 16\/11\/25<\/p>\n\n\n\n<p><em>\u00ab Seigneur mon Dieu, tu es mon esp\u00e9rance \u00bb (Ps 71, 5). Ces paroles jaillissent d\u2019un c\u0153ur accabl\u00e9 par de graves difficult\u00e9s : \u00ab Tu m\u2019as fait voir tant de maux et de d\u00e9tresses \u00bb (v. 20), dit le psalmiste. Malgr\u00e9 cela, son \u00e2me est ouverte et confiante, car elle est ferme dans la foi, qui reconna\u00eet le soutien de Dieu et le professe : \u00ab Ma forteresse et mon roc, c\u2019est toi \u00bb (v. 3). De l\u00e0 jaillit la confiance in\u00e9branlable que l\u2019esp\u00e9rance en Lui ne d\u00e9\u00e7oit pas : \u00ab En toi, Seigneur, j\u2019ai mon refuge : garde-moi d\u2019\u00eatre humili\u00e9 pour toujours \u00bb (v. 1).<\/em><\/p>\n\n\n\n<p><em>Dans les \u00e9preuves de la vie, l\u2019esp\u00e9rance est anim\u00e9e par la certitude ferme et encourageante de l\u2019amour de Dieu r\u00e9pandu dans les c\u0153urs par l\u2019Esprit Saint. C\u2019est pourquoi elle ne d\u00e9\u00e7oit pas (cf. Rm 5, 5).<\/em><\/p>\n\n\n\n<p><em>L\u2019esp\u00e9rance chr\u00e9tienne \u00e0 laquelle renvoie la Parole de Dieu est une certitude sur le chemin de la vie, car elle ne d\u00e9pend pas de la force humaine, mais de la promesse de Dieu qui est toujours fid\u00e8le.<em> [&#8230;]<\/em> \u00bb<\/em><\/p>\n\n\n\n<p><a href=\"https:\/\/catholiques17.fr\/deuxieme-dimanche-de-lavent-la-paix\/\" target=\"_blank\" rel=\"noreferrer noopener\">Deuxi\u00e8me dimanche de l&rsquo;Avent<\/a><\/p>\n\n\n\n<p>Texte \u00e0 m\u00e9diter pour le <a href=\"https:\/\/catholiques17.fr\/troisieme-dimanche-de-lavent-la-joie\/\" target=\"_blank\" rel=\"noreferrer noopener\">troisi\u00e8me dimanche de l&rsquo;Avent issu de la newsletter du dioc\u00e8se<\/a> :<\/p>\n\n\n\n<p>Extrait du discours de L\u00e9on XIV aux n\u00e9ophytes et cat\u00e9chum\u00e8nes fran\u00e7ais, en juillet 25<\/p>\n\n\n\n<p><em>\u00ab Quelle joie de voir des jeunes qui s\u2019engagent dans la foi et veulent donner un sens \u00e0 leur vie, en se laissant guider par le Christ et son \u00c9vangile ! [&#8230;]<\/em><br><em><br>Le Bapt\u00eame introduit dans la communion avec le Christ et donne la vie. Il nous engage \u00e0 renoncer \u00e0 une culture de la mort tr\u00e8s pr\u00e9sente dans notre soci\u00e9t\u00e9. Cette culture de la mort se manifeste aujourd\u2019hui par l\u2019indiff\u00e9rence, le m\u00e9pris des autres, la drogue, la recherche d\u2019une vie facile, une sexualit\u00e9 qui devient divertissement et chosification de la personne humaine, l\u2019injustice, etc. [&#8230;]<\/em><br><em><br>Ne vous limitez pas \u00e0 la seule connaissance th\u00e9orique, mais vivez votre foi de mani\u00e8re concr\u00e8te, en exp\u00e9rimentant l\u2019amour de Dieu dans votre vie quotidienne. Le cheminement de foi peut \u00eatre long et parfois difficile, mais ne vous d\u00e9couragez pas, car Dieu est toujours pr\u00e9sent pour vous soutenir. Comme nous le rappelle le proph\u00e8te Isa\u00efe : \u00ab Ne crains pas : je suis avec toi ; ne sois pas troubl\u00e9 : je suis ton Dieu. Je t\u2019affermis ; oui, je t\u2019aide \u00bb (Is, 41, 10). [&#8230;]<\/em><br><em><br>Nous ne naissons pas chr\u00e9tien, nous le devenons quand nous sommes touch\u00e9s par la gr\u00e2ce de Dieu. Cependant ce \u201ctoucher\u201d s\u2019exprime \u00e0 travers notre choix d\u00fbment r\u00e9fl\u00e9chi et par notre d\u00e9marche personnelle. Sans ces exigences v\u00e9ritables, nous porterons l\u2019\u00e9tiquette chr\u00e9tienne, mais des chr\u00e9tiens de convenance, d\u2019habitude ou de confort. Nous devenons d\u2019authentiques chr\u00e9tiens lorsque nous nous laissons personnellement toucher dans notre vie de chaque jour par la parole et le t\u00e9moignage de J\u00e9sus. Au milieu de vos tribulations, des moments de solitude et d\u2019aridit\u00e9, des incompr\u00e9hensions, de vos fatigues, puissent vos c\u0153urs s\u2019\u00e9tablir en lui qui est \u00ab le Chemin, la V\u00e9rit\u00e9 et la Vie \u00bb (Jn 14, 6), la source de toute paix, joie et amour. \u00bb<\/em><\/p>\n\n\n\n<p><a href=\"https:\/\/catholiques17.fr\/quatrieme-dimanche-de-lavent-lamour\/\" target=\"_blank\" rel=\"noreferrer noopener\">Quatri\u00e8me dimanche de l&rsquo;Avent<\/a><\/p>\n","protected":false},"excerpt":{"rendered":"<p>Cr\u00e8che No\u00ebl 2025 de Saint-Pierre d&rsquo;Ol\u00e9ron Texte \u00e0 m\u00e9diter pour le premier dimanche de l&rsquo;Avent issu de la newsletter du dioc\u00e8se : Extrait du message de&nbsp;L\u00e9on XIV pour la journ\u00e9e [&hellip;]<\/p>\n","protected":false},"author":89,"featured_media":10985,"comment_status":"open","ping_status":"open","sticky":false,"template":"","format":"standard","meta":{"_et_pb_use_builder":"","_et_pb_old_content":"","_et_gb_content_width":"","footnotes":""},"categories":[6],"tags":[],"class_list":["post-10924","post","type-post","status-publish","format-standard","has-post-thumbnail","hentry","category-actualite"],"_links":{"self":[{"href":"https:\/\/catholiques17.fr\/oleron\/wp-json\/wp\/v2\/posts\/10924","targetHints":{"allow":["GET"]}}],"collection":[{"href":"https:\/\/catholiques17.fr\/oleron\/wp-json\/wp\/v2\/posts"}],"about":[{"href":"https:\/\/catholiques17.fr\/oleron\/wp-json\/wp\/v2\/types\/post"}],"author":[{"embeddable":true,"href":"https:\/\/catholiques17.fr\/oleron\/wp-json\/wp\/v2\/users\/89"}],"replies":[{"embeddable":true,"href":"https:\/\/catholiques17.fr\/oleron\/wp-json\/wp\/v2\/comments?post=10924"}],"version-history":[{"count":25,"href":"https:\/\/catholiques17.fr\/oleron\/wp-json\/wp\/v2\/posts\/10924\/revisions"}],"predecessor-version":[{"id":11065,"href":"https:\/\/catholiques17.fr\/oleron\/wp-json\/wp\/v2\/posts\/10924\/revisions\/11065"}],"wp:featuredmedia":[{"embeddable":true,"href":"https:\/\/catholiques17.fr\/oleron\/wp-json\/wp\/v2\/media\/10985"}],"wp:attachment":[{"href":"https:\/\/catholiques17.fr\/oleron\/wp-json\/wp\/v2\/media?parent=10924"}],"wp:term":[{"taxonomy":"category","embeddable":true,"href":"https:\/\/catholiques17.fr\/oleron\/wp-json\/wp\/v2\/categories?post=10924"},{"taxonomy":"post_tag","embeddable":true,"href":"https:\/\/catholiques17.fr\/oleron\/wp-json\/wp\/v2\/tags?post=10924"}],"curies":[{"name":"wp","href":"https:\/\/api.w.org\/{rel}","templated":true}]}}