{"id":10892,"date":"2025-11-18T13:25:19","date_gmt":"2025-11-18T12:25:19","guid":{"rendered":"https:\/\/catholiques17.fr\/oleron\/?p=10892"},"modified":"2025-11-19T12:50:24","modified_gmt":"2025-11-19T11:50:24","slug":"messe-unique-en-doyenne-a-rochefort-le-dimanche-30-novembre","status":"publish","type":"post","link":"https:\/\/catholiques17.fr\/oleron\/messe-unique-en-doyenne-a-rochefort-le-dimanche-30-novembre\/","title":{"rendered":"\u00ab\u00a0Messe Unique en Doyenn\u00e9 \u00a0\u00bb \u00e0 Rochefort le 30 novembre"},"content":{"rendered":"\n<p>\u00c0 11h le dimanche 30 novembre \u00e0 Rochefort : voir affiche <a href=\"https:\/\/catholiques17.fr\/oleron\/wp-content\/uploads\/sites\/30\/2025\/11\/Affiche-30.11.2025-Mgr-BOZO-1-.pdf\" data-type=\"link\" data-id=\"https:\/\/catholiques17.fr\/oleron\/wp-content\/uploads\/sites\/30\/2025\/11\/Messe-Unique-en-Doyenne.pdf\" target=\"_blank\" rel=\"noreferrer noopener\">ici<\/a>.<\/p>\n\n\n\n<p>Et dimanche 7 d\u00e9cembre \u00e0 10h30, messe unique \u00e0 Saint-Pierre-d&rsquo;Ol\u00e9ron c\u00e9l\u00e9br\u00e9e par Mgr Bozo, qui vient \u00e0 la rencontre des paroissiens d&rsquo;Ol\u00e9ron.<\/p>\n\n\n\n<div style=\"height:38px\" aria-hidden=\"true\" class=\"wp-block-spacer\"><\/div>\n","protected":false},"excerpt":{"rendered":"<p>\u00c0 11h le dimanche 30 novembre \u00e0 Rochefort : voir affiche ici. Et dimanche 7 d\u00e9cembre \u00e0 10h30, messe unique \u00e0 Saint-Pierre-d&rsquo;Ol\u00e9ron c\u00e9l\u00e9br\u00e9e par Mgr Bozo, qui vient \u00e0 la [&hellip;]<\/p>\n","protected":false},"author":89,"featured_media":0,"comment_status":"open","ping_status":"open","sticky":false,"template":"","format":"standard","meta":{"_et_pb_use_builder":"","_et_pb_old_content":"","_et_gb_content_width":"","footnotes":""},"categories":[6],"tags":[],"class_list":["post-10892","post","type-post","status-publish","format-standard","hentry","category-actualite"],"_links":{"self":[{"href":"https:\/\/catholiques17.fr\/oleron\/wp-json\/wp\/v2\/posts\/10892","targetHints":{"allow":["GET"]}}],"collection":[{"href":"https:\/\/catholiques17.fr\/oleron\/wp-json\/wp\/v2\/posts"}],"about":[{"href":"https:\/\/catholiques17.fr\/oleron\/wp-json\/wp\/v2\/types\/post"}],"author":[{"embeddable":true,"href":"https:\/\/catholiques17.fr\/oleron\/wp-json\/wp\/v2\/users\/89"}],"replies":[{"embeddable":true,"href":"https:\/\/catholiques17.fr\/oleron\/wp-json\/wp\/v2\/comments?post=10892"}],"version-history":[{"count":8,"href":"https:\/\/catholiques17.fr\/oleron\/wp-json\/wp\/v2\/posts\/10892\/revisions"}],"predecessor-version":[{"id":10914,"href":"https:\/\/catholiques17.fr\/oleron\/wp-json\/wp\/v2\/posts\/10892\/revisions\/10914"}],"wp:attachment":[{"href":"https:\/\/catholiques17.fr\/oleron\/wp-json\/wp\/v2\/media?parent=10892"}],"wp:term":[{"taxonomy":"category","embeddable":true,"href":"https:\/\/catholiques17.fr\/oleron\/wp-json\/wp\/v2\/categories?post=10892"},{"taxonomy":"post_tag","embeddable":true,"href":"https:\/\/catholiques17.fr\/oleron\/wp-json\/wp\/v2\/tags?post=10892"}],"curies":[{"name":"wp","href":"https:\/\/api.w.org\/{rel}","templated":true}]}}