{"id":10877,"date":"2025-11-13T15:47:57","date_gmt":"2025-11-13T14:47:57","guid":{"rendered":"https:\/\/catholiques17.fr\/oleron\/?p=10877"},"modified":"2025-11-17T19:11:26","modified_gmt":"2025-11-17T18:11:26","slug":"documentaire-les-oublies-de-lile-a-leldorado","status":"publish","type":"post","link":"https:\/\/catholiques17.fr\/oleron\/documentaire-les-oublies-de-lile-a-leldorado\/","title":{"rendered":"Documentaire \u00ab\u00a0Les oubli\u00e9s de l&rsquo;\u00eele\u00a0\u00bb \u00e0 l&rsquo;Eldorado"},"content":{"rendered":"\n<p><strong>Samedi 15 novembre \u00e0 17h au cin\u00e9ma Eldorado<\/strong> \u00e0 St Pierre, l\u2019association \u00ab&nbsp;les Amis du mus\u00e9e de l\u2019\u00eele d\u2019Ol\u00e9ron&nbsp;\u00bb accueillera le r\u00e9alisateur S\u00e9bastien Cassen pour la projection de son documentaire de 52 minutes \u00ab&nbsp;<em><strong>Les oubli\u00e9s de l&rsquo;\u00eele<\/strong><\/em>&nbsp;\u00bb.<\/p>\n\n\n\n<h3 class=\"wp-block-heading\">Synopsis<\/h3>\n\n\n\n<p>En 1794 sous le r\u00e9gime de la Terreur, 829 pr\u00eatres et religieux r\u00e9fractaires, refusant de signer la Constitution civile du clerg\u00e9, sont massivement d\u00e9port\u00e9s depuis tout le pays. Ils sont conduits notamment \u00e0 Rochefort o\u00f9 ils sont entass\u00e9s sur des navires dans des conditions inhumaines. Par crainte des \u00e9pid\u00e9mies, ils seront ensuite d\u00e9port\u00e9s \u00e0 Port-des-Barques, puis sur l\u2019\u00eele Madame o\u00f9 547 p\u00e9riront.<\/p>\n\n\n\n<p>Le talentueux r\u00e9alisateur charentais originaire de Saintes, S\u00e9bastien Cassen, nous guide sur les chemins de notre histoire locale, en relatant cet \u00e9pisode de la R\u00e9volution, dont le drame s\u2019est d\u00e9roul\u00e9 sur une \u00eele voisine de la n\u00f4tre.&nbsp;Au travers de testaments et de narrations laiss\u00e9s par les survivants, le film retrace un des \u00e9pisodes les plus tragiques de l\u2019histoire de la R\u00e9volution fran\u00e7aise.&nbsp;<\/p>\n\n\n\n<p>Le documentaire a re\u00e7u les prix du meilleur montage et du meilleur long-m\u00e9trage 2024 au Athvikvaruni International Film Festival en Inde et une Honorable Mention au Reale Film Festival &#8211; BiMonthly Awards 2025.<\/p>\n\n\n\n<p>\u00c0 l&rsquo;issue de la projection, un \u00e9change de questions\/r\u00e9ponses et un rafra\u00eechissement concluront cette fin d\u2019apr\u00e8s-midi.<\/p>\n\n\n\n<p><em><a href=\"https:\/\/www.youtube.com\/watch?v=Zga-LSkQL18\" data-type=\"link\" data-id=\"https:\/\/www.youtube.com\/watch?v=Zga-LSkQL18\" target=\"_blank\" rel=\"noreferrer noopener\">Les Oubli\u00e9s de l\u2019\u00eele<\/a> &#8211; coproduction KTO\/ SAISON CINQ 2024<\/em><\/p>\n\n\n\n<p><\/p>\n\n\n\n<div style=\"height:40px\" aria-hidden=\"true\" class=\"wp-block-spacer\"><\/div>\n","protected":false},"excerpt":{"rendered":"<p>Samedi 15 novembre \u00e0 17h au cin\u00e9ma Eldorado \u00e0 St Pierre, l\u2019association \u00ab&nbsp;les Amis du mus\u00e9e de l\u2019\u00eele d\u2019Ol\u00e9ron&nbsp;\u00bb accueillera le r\u00e9alisateur S\u00e9bastien Cassen pour la projection de son documentaire [&hellip;]<\/p>\n","protected":false},"author":89,"featured_media":0,"comment_status":"open","ping_status":"open","sticky":false,"template":"","format":"standard","meta":{"_et_pb_use_builder":"off","_et_pb_old_content":"","_et_gb_content_width":"","footnotes":""},"categories":[6],"tags":[],"class_list":["post-10877","post","type-post","status-publish","format-standard","hentry","category-actualite"],"_links":{"self":[{"href":"https:\/\/catholiques17.fr\/oleron\/wp-json\/wp\/v2\/posts\/10877","targetHints":{"allow":["GET"]}}],"collection":[{"href":"https:\/\/catholiques17.fr\/oleron\/wp-json\/wp\/v2\/posts"}],"about":[{"href":"https:\/\/catholiques17.fr\/oleron\/wp-json\/wp\/v2\/types\/post"}],"author":[{"embeddable":true,"href":"https:\/\/catholiques17.fr\/oleron\/wp-json\/wp\/v2\/users\/89"}],"replies":[{"embeddable":true,"href":"https:\/\/catholiques17.fr\/oleron\/wp-json\/wp\/v2\/comments?post=10877"}],"version-history":[{"count":8,"href":"https:\/\/catholiques17.fr\/oleron\/wp-json\/wp\/v2\/posts\/10877\/revisions"}],"predecessor-version":[{"id":10890,"href":"https:\/\/catholiques17.fr\/oleron\/wp-json\/wp\/v2\/posts\/10877\/revisions\/10890"}],"wp:attachment":[{"href":"https:\/\/catholiques17.fr\/oleron\/wp-json\/wp\/v2\/media?parent=10877"}],"wp:term":[{"taxonomy":"category","embeddable":true,"href":"https:\/\/catholiques17.fr\/oleron\/wp-json\/wp\/v2\/categories?post=10877"},{"taxonomy":"post_tag","embeddable":true,"href":"https:\/\/catholiques17.fr\/oleron\/wp-json\/wp\/v2\/tags?post=10877"}],"curies":[{"name":"wp","href":"https:\/\/api.w.org\/{rel}","templated":true}]}}