{"id":10875,"date":"2025-11-08T08:27:51","date_gmt":"2025-11-08T07:27:51","guid":{"rendered":"https:\/\/catholiques17.fr\/oleron\/?p=10875"},"modified":"2025-11-08T08:31:01","modified_gmt":"2025-11-08T07:31:01","slug":"message-de-notre-cure-suite-a-lattaque-survenue-sur-lile-doleron","status":"publish","type":"post","link":"https:\/\/catholiques17.fr\/oleron\/message-de-notre-cure-suite-a-lattaque-survenue-sur-lile-doleron\/","title":{"rendered":"Message de notre cur\u00e9 suite \u00e0 l\u2019attaque survenue sur l\u2019\u00cele d\u2019Ol\u00e9ron"},"content":{"rendered":"\n<div style=\"height:48px\" aria-hidden=\"true\" class=\"wp-block-spacer\"><\/div>\n\n\n\n<h3 class=\"wp-block-heading\"><strong>La paroisse d\u2019Ol\u00e9ron et tous les paroissiens se joignent \u00e0 moi pour assurer les victimes et leurs familles de toute notre amiti\u00e9 ainsi que du soutien de nos pri\u00e8res fraternelles pour leur rapide r\u00e9tablissement.<\/strong><\/h3>\n\n\n\n<h3 class=\"wp-block-heading\"><strong>Nous organisons ce vendredi, le 7 novembre \u00e0 partir de 18h00 une veill\u00e9e de pri\u00e8res pour les victimes et leurs familles dans l\u2019\u00e9glise de Saint-Pierre-d\u2019Ol\u00e9ron.<\/strong><\/h3>\n\n\n\n<h3 class=\"wp-block-heading\"><strong>Les messes des 8 et 9 novembre seront \u00e9galement c\u00e9l\u00e9br\u00e9es \u00e0 leur intention.<\/strong><\/h3>\n\n\n\n<h3 class=\"wp-block-heading\"><strong>Venez nombreux ou passez \u00e0 tout moment de la journ\u00e9e dans une des dix \u00e9glises et chapelles de l\u2019\u00cele prier pour elles, pour eux, ou allumer un cierge \u00e0 leur intention.<\/strong><\/h3>\n\n\n\n<h3 class=\"wp-block-heading\"><strong>&nbsp;&nbsp;&nbsp;&nbsp;&nbsp;&nbsp;&nbsp;&nbsp;&nbsp;&nbsp;&nbsp; P\u00e8re Ioan RUS<\/strong><\/h3>\n\n\n\n<h3 class=\"wp-block-heading\"><strong>&nbsp;&nbsp;&nbsp;&nbsp;&nbsp;&nbsp;&nbsp;&nbsp;&nbsp; &nbsp;&nbsp;&nbsp;&nbsp;&nbsp;&nbsp;&nbsp;&nbsp;&nbsp;&nbsp;&nbsp;&nbsp;&nbsp;&nbsp;&nbsp;&nbsp;&nbsp;&nbsp;&nbsp;Cur\u00e9 de la Paroisse d\u2019Ol\u00e9ron<\/strong><\/h3>\n","protected":false},"excerpt":{"rendered":"<p>La paroisse d\u2019Ol\u00e9ron et tous les paroissiens se joignent \u00e0 moi pour assurer les victimes et leurs familles de toute notre amiti\u00e9 ainsi que du soutien de nos pri\u00e8res fraternelles [&hellip;]<\/p>\n","protected":false},"author":40,"featured_media":9473,"comment_status":"open","ping_status":"open","sticky":false,"template":"","format":"standard","meta":{"_et_pb_use_builder":"off","_et_pb_old_content":"","_et_gb_content_width":"","footnotes":""},"categories":[6],"tags":[],"class_list":["post-10875","post","type-post","status-publish","format-standard","has-post-thumbnail","hentry","category-actualite"],"_links":{"self":[{"href":"https:\/\/catholiques17.fr\/oleron\/wp-json\/wp\/v2\/posts\/10875","targetHints":{"allow":["GET"]}}],"collection":[{"href":"https:\/\/catholiques17.fr\/oleron\/wp-json\/wp\/v2\/posts"}],"about":[{"href":"https:\/\/catholiques17.fr\/oleron\/wp-json\/wp\/v2\/types\/post"}],"author":[{"embeddable":true,"href":"https:\/\/catholiques17.fr\/oleron\/wp-json\/wp\/v2\/users\/40"}],"replies":[{"embeddable":true,"href":"https:\/\/catholiques17.fr\/oleron\/wp-json\/wp\/v2\/comments?post=10875"}],"version-history":[{"count":1,"href":"https:\/\/catholiques17.fr\/oleron\/wp-json\/wp\/v2\/posts\/10875\/revisions"}],"predecessor-version":[{"id":10876,"href":"https:\/\/catholiques17.fr\/oleron\/wp-json\/wp\/v2\/posts\/10875\/revisions\/10876"}],"wp:featuredmedia":[{"embeddable":true,"href":"https:\/\/catholiques17.fr\/oleron\/wp-json\/wp\/v2\/media\/9473"}],"wp:attachment":[{"href":"https:\/\/catholiques17.fr\/oleron\/wp-json\/wp\/v2\/media?parent=10875"}],"wp:term":[{"taxonomy":"category","embeddable":true,"href":"https:\/\/catholiques17.fr\/oleron\/wp-json\/wp\/v2\/categories?post=10875"},{"taxonomy":"post_tag","embeddable":true,"href":"https:\/\/catholiques17.fr\/oleron\/wp-json\/wp\/v2\/tags?post=10875"}],"curies":[{"name":"wp","href":"https:\/\/api.w.org\/{rel}","templated":true}]}}