{"id":10833,"date":"2025-10-17T10:38:56","date_gmt":"2025-10-17T08:38:56","guid":{"rendered":"https:\/\/catholiques17.fr\/oleron\/?p=10833"},"modified":"2025-10-17T10:38:57","modified_gmt":"2025-10-17T08:38:57","slug":"arrivee-du-pere-israel-iyakndue","status":"publish","type":"post","link":"https:\/\/catholiques17.fr\/oleron\/arrivee-du-pere-israel-iyakndue\/","title":{"rendered":"Arriv\u00e9e du P\u00e8re Isra\u00ebl Iyakndue"},"content":{"rendered":"\n<div style=\"height:63px\" aria-hidden=\"true\" class=\"wp-block-spacer\"><\/div>\n\n\n\n<h3 class=\"wp-block-heading\">Nous sommes heureux d\u2019accueillir notre nouveau vicaire qui r\u00e9side \u00e0 St Denis.<\/h3>\n\n\n\n<h3 class=\"wp-block-heading\">Il a 42 ans et vient du Nigeria, de la Soci\u00e9t\u00e9 Missionnaire de Saint-Paul. <\/h3>\n\n\n\n<h3 class=\"wp-block-heading\">Notre cur\u00e9, le P\u00e8re Ioan Rus lui a confi\u00e9 la Pastorale des jeunes, cat\u00e9chisme et aum\u00f4nerie.<\/h3>\n","protected":false},"excerpt":{"rendered":"<p>Nous sommes heureux d\u2019accueillir notre nouveau vicaire qui r\u00e9side \u00e0 St Denis. Il a 42 ans et vient du Nigeria, de la Soci\u00e9t\u00e9 Missionnaire de Saint-Paul. Notre cur\u00e9, le P\u00e8re [&hellip;]<\/p>\n","protected":false},"author":40,"featured_media":10835,"comment_status":"open","ping_status":"open","sticky":false,"template":"","format":"standard","meta":{"_et_pb_use_builder":"off","_et_pb_old_content":"","_et_gb_content_width":"","footnotes":""},"categories":[6],"tags":[],"class_list":["post-10833","post","type-post","status-publish","format-standard","has-post-thumbnail","hentry","category-actualite"],"_links":{"self":[{"href":"https:\/\/catholiques17.fr\/oleron\/wp-json\/wp\/v2\/posts\/10833","targetHints":{"allow":["GET"]}}],"collection":[{"href":"https:\/\/catholiques17.fr\/oleron\/wp-json\/wp\/v2\/posts"}],"about":[{"href":"https:\/\/catholiques17.fr\/oleron\/wp-json\/wp\/v2\/types\/post"}],"author":[{"embeddable":true,"href":"https:\/\/catholiques17.fr\/oleron\/wp-json\/wp\/v2\/users\/40"}],"replies":[{"embeddable":true,"href":"https:\/\/catholiques17.fr\/oleron\/wp-json\/wp\/v2\/comments?post=10833"}],"version-history":[{"count":2,"href":"https:\/\/catholiques17.fr\/oleron\/wp-json\/wp\/v2\/posts\/10833\/revisions"}],"predecessor-version":[{"id":10836,"href":"https:\/\/catholiques17.fr\/oleron\/wp-json\/wp\/v2\/posts\/10833\/revisions\/10836"}],"wp:featuredmedia":[{"embeddable":true,"href":"https:\/\/catholiques17.fr\/oleron\/wp-json\/wp\/v2\/media\/10835"}],"wp:attachment":[{"href":"https:\/\/catholiques17.fr\/oleron\/wp-json\/wp\/v2\/media?parent=10833"}],"wp:term":[{"taxonomy":"category","embeddable":true,"href":"https:\/\/catholiques17.fr\/oleron\/wp-json\/wp\/v2\/categories?post=10833"},{"taxonomy":"post_tag","embeddable":true,"href":"https:\/\/catholiques17.fr\/oleron\/wp-json\/wp\/v2\/tags?post=10833"}],"curies":[{"name":"wp","href":"https:\/\/api.w.org\/{rel}","templated":true}]}}