{"id":10720,"date":"2025-08-29T11:55:32","date_gmt":"2025-08-29T09:55:32","guid":{"rendered":"https:\/\/catholiques17.fr\/oleron\/?p=10720"},"modified":"2025-08-29T11:55:33","modified_gmt":"2025-08-29T09:55:33","slug":"rentree-paroissiale-du-21-septembre","status":"publish","type":"post","link":"https:\/\/catholiques17.fr\/oleron\/rentree-paroissiale-du-21-septembre\/","title":{"rendered":"Rentr\u00e9e paroissiale du 21 septembre"},"content":{"rendered":"\n<div style=\"height:52px\" aria-hidden=\"true\" class=\"wp-block-spacer\"><\/div>\n\n\n\n<h3 class=\"wp-block-heading\">Messe unique \u00e0 10h30 \u00e0 St Pierre, qui sera suivie d&rsquo;un repas partag\u00e9 dans le jardin du presbyt\u00e8re \u00e0 St Pierre.<br><br>Nous en profiterons pour dire au revoir \u00e0 P\u00e8re Jean Rony, qui prendra ses nouvelles fonctions de cur\u00e9 \u00e0 Archiac d\u00e9but Octobre.<br>Pour cette occasion, nous proposons de faire une cagnotte afin de lui offrir une tablette. C&rsquo;est son choix nous lui avons demand\u00e9 ce qui lui serait utile.<br>Pour vos dons merci de me les d\u00e9poser au secr\u00e9tariat, ou de les confier aux \u00e9quipes de proximit\u00e9 de chaque \u00e9glise pour que \u00e7a me revienne.<br><br>Pour l&rsquo;organisation du repas partag\u00e9, on proc\u00e8de comme d&rsquo;habitude, merci de me dire ce que vous souhaitez apporter, afin que je puisse\u00a0faire une liste. Ceci afin d&rsquo;\u00e9viter que l&rsquo;on se retrouve qu&rsquo;avec des desserts ou que du fromage\u00a0\u00a0<br><br>La paroisse prendra en charge l&rsquo;ap\u00e9ritif, \u00a0le vin et le pain.<br><br>Merci de vos r\u00e9ponses<br><br><\/h3>\n","protected":false},"excerpt":{"rendered":"<p>Messe unique \u00e0 10h30 \u00e0 St Pierre, qui sera suivie d&rsquo;un repas partag\u00e9 dans le jardin du presbyt\u00e8re \u00e0 St Pierre. Nous en profiterons pour dire au revoir \u00e0 P\u00e8re [&hellip;]<\/p>\n","protected":false},"author":40,"featured_media":10721,"comment_status":"open","ping_status":"open","sticky":false,"template":"","format":"standard","meta":{"_et_pb_use_builder":"","_et_pb_old_content":"","_et_gb_content_width":"","footnotes":""},"categories":[6],"tags":[],"class_list":["post-10720","post","type-post","status-publish","format-standard","has-post-thumbnail","hentry","category-actualite"],"_links":{"self":[{"href":"https:\/\/catholiques17.fr\/oleron\/wp-json\/wp\/v2\/posts\/10720","targetHints":{"allow":["GET"]}}],"collection":[{"href":"https:\/\/catholiques17.fr\/oleron\/wp-json\/wp\/v2\/posts"}],"about":[{"href":"https:\/\/catholiques17.fr\/oleron\/wp-json\/wp\/v2\/types\/post"}],"author":[{"embeddable":true,"href":"https:\/\/catholiques17.fr\/oleron\/wp-json\/wp\/v2\/users\/40"}],"replies":[{"embeddable":true,"href":"https:\/\/catholiques17.fr\/oleron\/wp-json\/wp\/v2\/comments?post=10720"}],"version-history":[{"count":1,"href":"https:\/\/catholiques17.fr\/oleron\/wp-json\/wp\/v2\/posts\/10720\/revisions"}],"predecessor-version":[{"id":10722,"href":"https:\/\/catholiques17.fr\/oleron\/wp-json\/wp\/v2\/posts\/10720\/revisions\/10722"}],"wp:featuredmedia":[{"embeddable":true,"href":"https:\/\/catholiques17.fr\/oleron\/wp-json\/wp\/v2\/media\/10721"}],"wp:attachment":[{"href":"https:\/\/catholiques17.fr\/oleron\/wp-json\/wp\/v2\/media?parent=10720"}],"wp:term":[{"taxonomy":"category","embeddable":true,"href":"https:\/\/catholiques17.fr\/oleron\/wp-json\/wp\/v2\/categories?post=10720"},{"taxonomy":"post_tag","embeddable":true,"href":"https:\/\/catholiques17.fr\/oleron\/wp-json\/wp\/v2\/tags?post=10720"}],"curies":[{"name":"wp","href":"https:\/\/api.w.org\/{rel}","templated":true}]}}