{"id":10684,"date":"2025-08-19T12:29:30","date_gmt":"2025-08-19T10:29:30","guid":{"rendered":"https:\/\/catholiques17.fr\/oleron\/?p=10684"},"modified":"2025-08-20T09:12:22","modified_gmt":"2025-08-20T07:12:22","slug":"parainage-enfants-de-madagascar","status":"publish","type":"post","link":"https:\/\/catholiques17.fr\/oleron\/parainage-enfants-de-madagascar\/","title":{"rendered":"Parrainage Enfants de Madagascar"},"content":{"rendered":"\n<h3 class=\"wp-block-heading\">Grace \u00e0 votre g\u00e9n\u00e9rosit\u00e9, la vente des pommes de terre au profit le l&rsquo;association \u00ab\u00a0Enfants de Madagascar\u00a0\u00bb a rapport\u00e9 1 661,40 \u20ac.<br>Soit, 620 kg de pomme de terre cultiv\u00e9es chez Jean-Pierre et Micheline Denieau, r\u00e9cult\u00e9es et mises en sac par des membres ol\u00e9ronais de l&rsquo;association.<br>Les ventes se sont d\u00e9roul\u00e9es \u00e0 la sortie des messes de Dolus, Saint Pierre et Saint Georges.\u00a0<\/h3>\n\n\n\n<h3 class=\"wp-block-heading\">Cette mobilisation permet de parrainer 27 enfants pendant une ann\u00e9e compl\u00e8te (scolarit\u00e9 et 1 repas par jour).<\/h3>\n\n\n\n<h2 class=\"wp-block-heading has-text-align-center\">Vous pouvez soutenir cette action en faisant un don qui ouvre doit \u00e0 une r\u00e9duction d&rsquo;imp\u00f4t.<\/h2>\n\n\n\n<figure class=\"wp-block-gallery has-nested-images columns-default is-cropped wp-block-gallery-1 is-layout-flex wp-block-gallery-is-layout-flex\">\n<figure class=\"wp-block-image size-large\"><img loading=\"lazy\" decoding=\"async\" width=\"737\" height=\"800\" data-id=\"10687\" src=\"https:\/\/catholiques17.fr\/oleron\/wp-content\/uploads\/sites\/30\/2025\/08\/Tract-EdM-b.jpg\" alt=\"\" class=\"wp-image-10687\" srcset=\"https:\/\/catholiques17.fr\/oleron\/wp-content\/uploads\/sites\/30\/2025\/08\/Tract-EdM-b.jpg 737w, https:\/\/catholiques17.fr\/oleron\/wp-content\/uploads\/sites\/30\/2025\/08\/Tract-EdM-b-480x521.jpg 480w\" sizes=\"(min-width: 0px) and (max-width: 480px) 480px, (min-width: 481px) 737px, 100vw\" \/><\/figure>\n\n\n\n<figure class=\"wp-block-image size-large\"><img loading=\"lazy\" decoding=\"async\" width=\"712\" height=\"800\" data-id=\"10686\" src=\"https:\/\/catholiques17.fr\/oleron\/wp-content\/uploads\/sites\/30\/2025\/08\/Tract-EdM-a.jpg\" alt=\"\" class=\"wp-image-10686\" srcset=\"https:\/\/catholiques17.fr\/oleron\/wp-content\/uploads\/sites\/30\/2025\/08\/Tract-EdM-a.jpg 712w, https:\/\/catholiques17.fr\/oleron\/wp-content\/uploads\/sites\/30\/2025\/08\/Tract-EdM-a-480x539.jpg 480w\" sizes=\"(min-width: 0px) and (max-width: 480px) 480px, (min-width: 481px) 712px, 100vw\" \/><\/figure>\n<\/figure>\n\n\n\n<figure class=\"wp-block-gallery has-nested-images columns-default is-cropped wp-block-gallery-2 is-layout-flex wp-block-gallery-is-layout-flex\">\n<figure class=\"wp-block-image size-large\"><img loading=\"lazy\" decoding=\"async\" width=\"800\" height=\"450\" data-id=\"10685\" src=\"https:\/\/catholiques17.fr\/oleron\/wp-content\/uploads\/sites\/30\/2025\/08\/EdM-Patates-20250724_.jpg\" alt=\"\" class=\"wp-image-10685\" srcset=\"https:\/\/catholiques17.fr\/oleron\/wp-content\/uploads\/sites\/30\/2025\/08\/EdM-Patates-20250724_.jpg 800w, https:\/\/catholiques17.fr\/oleron\/wp-content\/uploads\/sites\/30\/2025\/08\/EdM-Patates-20250724_-480x270.jpg 480w\" sizes=\"(min-width: 0px) and (max-width: 480px) 480px, (min-width: 481px) 800px, 100vw\" \/><\/figure>\n\n\n\n<figure class=\"wp-block-image size-large\"><img loading=\"lazy\" decoding=\"async\" width=\"800\" height=\"596\" data-id=\"10703\" src=\"https:\/\/catholiques17.fr\/oleron\/wp-content\/uploads\/sites\/30\/2025\/08\/Vente-St-Pierre-2025-A.jpg\" alt=\"\" class=\"wp-image-10703\" srcset=\"https:\/\/catholiques17.fr\/oleron\/wp-content\/uploads\/sites\/30\/2025\/08\/Vente-St-Pierre-2025-A.jpg 800w, https:\/\/catholiques17.fr\/oleron\/wp-content\/uploads\/sites\/30\/2025\/08\/Vente-St-Pierre-2025-A-480x358.jpg 480w\" sizes=\"(min-width: 0px) and (max-width: 480px) 480px, (min-width: 481px) 800px, 100vw\" \/><\/figure>\n<\/figure>\n","protected":false},"excerpt":{"rendered":"<p>Grace \u00e0 votre g\u00e9n\u00e9rosit\u00e9, la vente des pommes de terre au profit le l&rsquo;association \u00ab\u00a0Enfants de Madagascar\u00a0\u00bb a rapport\u00e9 1 661,40 \u20ac.Soit, 620 kg de pomme de terre cultiv\u00e9es chez [&hellip;]<\/p>\n","protected":false},"author":40,"featured_media":10702,"comment_status":"open","ping_status":"open","sticky":false,"template":"","format":"standard","meta":{"_et_pb_use_builder":"off","_et_pb_old_content":"","_et_gb_content_width":"","footnotes":""},"categories":[6,24],"tags":[],"class_list":["post-10684","post","type-post","status-publish","format-standard","has-post-thumbnail","hentry","category-actualite","category-annonces"],"_links":{"self":[{"href":"https:\/\/catholiques17.fr\/oleron\/wp-json\/wp\/v2\/posts\/10684","targetHints":{"allow":["GET"]}}],"collection":[{"href":"https:\/\/catholiques17.fr\/oleron\/wp-json\/wp\/v2\/posts"}],"about":[{"href":"https:\/\/catholiques17.fr\/oleron\/wp-json\/wp\/v2\/types\/post"}],"author":[{"embeddable":true,"href":"https:\/\/catholiques17.fr\/oleron\/wp-json\/wp\/v2\/users\/40"}],"replies":[{"embeddable":true,"href":"https:\/\/catholiques17.fr\/oleron\/wp-json\/wp\/v2\/comments?post=10684"}],"version-history":[{"count":7,"href":"https:\/\/catholiques17.fr\/oleron\/wp-json\/wp\/v2\/posts\/10684\/revisions"}],"predecessor-version":[{"id":10709,"href":"https:\/\/catholiques17.fr\/oleron\/wp-json\/wp\/v2\/posts\/10684\/revisions\/10709"}],"wp:featuredmedia":[{"embeddable":true,"href":"https:\/\/catholiques17.fr\/oleron\/wp-json\/wp\/v2\/media\/10702"}],"wp:attachment":[{"href":"https:\/\/catholiques17.fr\/oleron\/wp-json\/wp\/v2\/media?parent=10684"}],"wp:term":[{"taxonomy":"category","embeddable":true,"href":"https:\/\/catholiques17.fr\/oleron\/wp-json\/wp\/v2\/categories?post=10684"},{"taxonomy":"post_tag","embeddable":true,"href":"https:\/\/catholiques17.fr\/oleron\/wp-json\/wp\/v2\/tags?post=10684"}],"curies":[{"name":"wp","href":"https:\/\/api.w.org\/{rel}","templated":true}]}}