{"id":10611,"date":"2025-08-20T16:44:04","date_gmt":"2025-08-20T14:44:04","guid":{"rendered":"https:\/\/catholiques17.fr\/oleron\/?p=10611"},"modified":"2025-09-11T10:39:16","modified_gmt":"2025-09-11T08:39:16","slug":"chapelle-de-la-cotiniere-clocher-en-danger","status":"publish","type":"post","link":"https:\/\/catholiques17.fr\/oleron\/chapelle-de-la-cotiniere-clocher-en-danger\/","title":{"rendered":"Chapelle de la Cotini\u00e8re : clocher en danger"},"content":{"rendered":"\n<div style=\"height:45px\" aria-hidden=\"true\" class=\"wp-block-spacer\"><\/div>\n\n\n\n<h3 class=\"wp-block-heading has-text-align-center\"><a href=\"https:\/\/catholiques17.fr\/chapelle-de-la-cotiniere-clocher-en-danger\/\">Pour en savoir davantage sur la question, c&rsquo;est ICI<\/a><\/h3>\n\n\n\n<h2 class=\"wp-block-heading\">Un \u00e9glise en p\u00e9ril<\/h2>\n\n\n\n<p>Pr\u00e8s de 60 ans apr\u00e8s sa construction, l\u2019\u00e9glise est toujours aussi appr\u00e9ci\u00e9e pour sa belle simplicit\u00e9 et pour l\u2019atmosph\u00e8re de recueillement et de pri\u00e8re qu\u2019elle offre. Mais le temps et l\u2019air marin ont us\u00e9 le b\u00e9ton : l\u2019humidit\u00e9 et le sel font rouiller les armatures, ce qui fait \u00e9clater le b\u00e9ton . Une restauration est d\u00e9sormais n\u00e9cessaire.<\/p>\n\n\n\n<h2 class=\"wp-block-heading\">Escalier et vitraux<\/h2>\n\n\n\n<p>Il faut avant tout consolider&nbsp;l\u2019escalier, qui sert de structure au clocher, et dont le b\u00e9ton est fragilis\u00e9. Les Compagnons du Devoir seront charg\u00e9s de ce chantier d\u00e9licat. Les trois cloches pourront ainsi sonner en toute s\u00e9curit\u00e9.<\/p>\n\n\n\n<p>Les&nbsp;vitraux&nbsp;modernistes de Henri Martin-Granel, Jean Lesquibe et Job Gu\u00e9vel, r\u00e9alis\u00e9s en hommage aux marins, sont eux aussi us\u00e9s par le sel et l\u2019eau. Ils ont besoin d\u2019\u00eatre restaur\u00e9s pour garantir l\u2019\u00e9tanch\u00e9it\u00e9 de la chapelle.<\/p>\n\n\n\n<h2 class=\"wp-block-heading\"><strong>Nous avons&nbsp;besoin de vous&nbsp;pour financer&nbsp;90 000 \u20ac<\/strong><\/h2>\n\n\n\n<p>Paroissiens de l\u2019\u00cele d\u2019Ol\u00e9ron, estivants attach\u00e9s au port de La Cotini\u00e8re, amoureux du patrimoine, visiteurs de passage, votre soutien est pr\u00e9cieux pour&nbsp;annoncer l\u2019Evangile&nbsp;tout au long de l\u2019ann\u00e9e,&nbsp;c\u00e9l\u00e9brer les sacrements,&nbsp;accueillir les visiteurs&nbsp;et&nbsp;prier pour les marins p\u00e9ris en mer.<\/p>\n","protected":false},"excerpt":{"rendered":"<p>Pour en savoir davantage sur la question, c&rsquo;est ICI Un \u00e9glise en p\u00e9ril Pr\u00e8s de 60 ans apr\u00e8s sa construction, l\u2019\u00e9glise est toujours aussi appr\u00e9ci\u00e9e pour sa belle simplicit\u00e9 et [&hellip;]<\/p>\n","protected":false},"author":40,"featured_media":7492,"comment_status":"open","ping_status":"open","sticky":false,"template":"","format":"standard","meta":{"_et_pb_use_builder":"off","_et_pb_old_content":"","_et_gb_content_width":"","footnotes":""},"categories":[6],"tags":[],"class_list":["post-10611","post","type-post","status-publish","format-standard","has-post-thumbnail","hentry","category-actualite"],"_links":{"self":[{"href":"https:\/\/catholiques17.fr\/oleron\/wp-json\/wp\/v2\/posts\/10611","targetHints":{"allow":["GET"]}}],"collection":[{"href":"https:\/\/catholiques17.fr\/oleron\/wp-json\/wp\/v2\/posts"}],"about":[{"href":"https:\/\/catholiques17.fr\/oleron\/wp-json\/wp\/v2\/types\/post"}],"author":[{"embeddable":true,"href":"https:\/\/catholiques17.fr\/oleron\/wp-json\/wp\/v2\/users\/40"}],"replies":[{"embeddable":true,"href":"https:\/\/catholiques17.fr\/oleron\/wp-json\/wp\/v2\/comments?post=10611"}],"version-history":[{"count":1,"href":"https:\/\/catholiques17.fr\/oleron\/wp-json\/wp\/v2\/posts\/10611\/revisions"}],"predecessor-version":[{"id":10613,"href":"https:\/\/catholiques17.fr\/oleron\/wp-json\/wp\/v2\/posts\/10611\/revisions\/10613"}],"wp:featuredmedia":[{"embeddable":true,"href":"https:\/\/catholiques17.fr\/oleron\/wp-json\/wp\/v2\/media\/7492"}],"wp:attachment":[{"href":"https:\/\/catholiques17.fr\/oleron\/wp-json\/wp\/v2\/media?parent=10611"}],"wp:term":[{"taxonomy":"category","embeddable":true,"href":"https:\/\/catholiques17.fr\/oleron\/wp-json\/wp\/v2\/categories?post=10611"},{"taxonomy":"post_tag","embeddable":true,"href":"https:\/\/catholiques17.fr\/oleron\/wp-json\/wp\/v2\/tags?post=10611"}],"curies":[{"name":"wp","href":"https:\/\/api.w.org\/{rel}","templated":true}]}}