{"id":10603,"date":"2025-06-28T16:20:14","date_gmt":"2025-06-28T14:20:14","guid":{"rendered":"https:\/\/catholiques17.fr\/oleron\/?p=10603"},"modified":"2025-06-29T16:46:17","modified_gmt":"2025-06-29T14:46:17","slug":"nuit-des-eglises-3-juillet-a-st-pierre","status":"publish","type":"post","link":"https:\/\/catholiques17.fr\/oleron\/nuit-des-eglises-3-juillet-a-st-pierre\/","title":{"rendered":"Nuit des Eglises 3 juillet \u00e0 St Pierre"},"content":{"rendered":"\n<div style=\"height:42px\" aria-hidden=\"true\" class=\"wp-block-spacer\"><\/div>\n\n\n\n<p><strong><em>Le P\u00e8re Ioan Rus<\/em><\/strong>, Cur\u00e9 de la paroisse d\u2019Ol\u00e9ron,<\/p>\n\n\n\n<p>L\u2019\u00e9quipe d\u2019animation paroissiale de Saint-Pierre d\u2019Ol\u00e9ron, <\/p>\n\n\n\n<p><strong><em>Christian Ehrmann<\/em><\/strong>, collectionneur et commissaire de l\u2019exposition<\/p>\n\n\n\n<p><strong>Seraient honor\u00e9s de votre pr\u00e9sence au vernissage de l\u2019exposition<\/strong><\/p>\n\n\n\n<h3 class=\"wp-block-heading\"><strong><em>IMAGES DE NOTRE-DAME<\/em><\/strong><strong><\/strong><\/h3>\n\n\n\n<p><strong>Titulatures &amp; vocables marials<\/strong> <strong>Jeudi 3 juillet 2025 \u00e0 20h<\/strong><\/p>\n\n\n\n<p><strong>A 21h<\/strong>, dans le cadre de <strong>LA NUIT DES EGLISES<\/strong>,<\/p>\n\n\n\n<p>Un diaporama accompagn\u00e9 de chants en direct, d\u00e9roulera les images des 10 expositions pr\u00e9sent\u00e9es depuis 2017.<\/p>\n\n\n\n<p>Exposition permanente durant l\u2019\u00e9t\u00e9 2025 &#8211; Entr\u00e9e libre aux heures d\u2019ouverture de l\u2019\u00e9glise<\/p>\n","protected":false},"excerpt":{"rendered":"<p>Le P\u00e8re Ioan Rus, Cur\u00e9 de la paroisse d\u2019Ol\u00e9ron, L\u2019\u00e9quipe d\u2019animation paroissiale de Saint-Pierre d\u2019Ol\u00e9ron, Christian Ehrmann, collectionneur et commissaire de l\u2019exposition Seraient honor\u00e9s de votre pr\u00e9sence au vernissage de [&hellip;]<\/p>\n","protected":false},"author":40,"featured_media":10606,"comment_status":"open","ping_status":"open","sticky":false,"template":"","format":"standard","meta":{"_et_pb_use_builder":"off","_et_pb_old_content":"","_et_gb_content_width":"","footnotes":""},"categories":[6,24],"tags":[],"class_list":["post-10603","post","type-post","status-publish","format-standard","has-post-thumbnail","hentry","category-actualite","category-annonces"],"_links":{"self":[{"href":"https:\/\/catholiques17.fr\/oleron\/wp-json\/wp\/v2\/posts\/10603","targetHints":{"allow":["GET"]}}],"collection":[{"href":"https:\/\/catholiques17.fr\/oleron\/wp-json\/wp\/v2\/posts"}],"about":[{"href":"https:\/\/catholiques17.fr\/oleron\/wp-json\/wp\/v2\/types\/post"}],"author":[{"embeddable":true,"href":"https:\/\/catholiques17.fr\/oleron\/wp-json\/wp\/v2\/users\/40"}],"replies":[{"embeddable":true,"href":"https:\/\/catholiques17.fr\/oleron\/wp-json\/wp\/v2\/comments?post=10603"}],"version-history":[{"count":2,"href":"https:\/\/catholiques17.fr\/oleron\/wp-json\/wp\/v2\/posts\/10603\/revisions"}],"predecessor-version":[{"id":10607,"href":"https:\/\/catholiques17.fr\/oleron\/wp-json\/wp\/v2\/posts\/10603\/revisions\/10607"}],"wp:featuredmedia":[{"embeddable":true,"href":"https:\/\/catholiques17.fr\/oleron\/wp-json\/wp\/v2\/media\/10606"}],"wp:attachment":[{"href":"https:\/\/catholiques17.fr\/oleron\/wp-json\/wp\/v2\/media?parent=10603"}],"wp:term":[{"taxonomy":"category","embeddable":true,"href":"https:\/\/catholiques17.fr\/oleron\/wp-json\/wp\/v2\/categories?post=10603"},{"taxonomy":"post_tag","embeddable":true,"href":"https:\/\/catholiques17.fr\/oleron\/wp-json\/wp\/v2\/tags?post=10603"}],"curies":[{"name":"wp","href":"https:\/\/api.w.org\/{rel}","templated":true}]}}