{"id":10489,"date":"2025-03-28T11:01:03","date_gmt":"2025-03-28T10:01:03","guid":{"rendered":"https:\/\/catholiques17.fr\/oleron\/?p=10489"},"modified":"2025-03-27T11:08:07","modified_gmt":"2025-03-27T10:08:07","slug":"soiree-sur-lesperance-chretienne-du-3-avril","status":"publish","type":"post","link":"https:\/\/catholiques17.fr\/oleron\/soiree-sur-lesperance-chretienne-du-3-avril\/","title":{"rendered":"Soir\u00e9e sur l&rsquo;Esp\u00e9rance chr\u00e9tienne du 3 avril"},"content":{"rendered":"\n<div style=\"height:38px\" aria-hidden=\"true\" class=\"wp-block-spacer\"><\/div>\n\n\n\n<h3 class=\"wp-block-heading\">Ce jeudi de car\u00eame, la Sr Odile Hardy Xavi\u00e8re viendra partager sur le th\u00e8me de l&rsquo;ESPERANCE CHRETIENNE.<\/h3>\n\n\n\n<h3 class=\"wp-block-heading\">Nous nous retrouverons \u00e0 19h salle paroissiale de Dolus.<\/h3>\n","protected":false},"excerpt":{"rendered":"<p>Ce jeudi de car\u00eame, la Sr Odile Hardy Xavi\u00e8re viendra partager sur le th\u00e8me de l&rsquo;ESPERANCE CHRETIENNE. Nous nous retrouverons \u00e0 19h salle paroissiale de Dolus.<\/p>\n","protected":false},"author":40,"featured_media":9473,"comment_status":"open","ping_status":"open","sticky":false,"template":"","format":"standard","meta":{"_et_pb_use_builder":"off","_et_pb_old_content":"","_et_gb_content_width":"","footnotes":""},"categories":[6],"tags":[],"class_list":["post-10489","post","type-post","status-publish","format-standard","has-post-thumbnail","hentry","category-actualite"],"_links":{"self":[{"href":"https:\/\/catholiques17.fr\/oleron\/wp-json\/wp\/v2\/posts\/10489","targetHints":{"allow":["GET"]}}],"collection":[{"href":"https:\/\/catholiques17.fr\/oleron\/wp-json\/wp\/v2\/posts"}],"about":[{"href":"https:\/\/catholiques17.fr\/oleron\/wp-json\/wp\/v2\/types\/post"}],"author":[{"embeddable":true,"href":"https:\/\/catholiques17.fr\/oleron\/wp-json\/wp\/v2\/users\/40"}],"replies":[{"embeddable":true,"href":"https:\/\/catholiques17.fr\/oleron\/wp-json\/wp\/v2\/comments?post=10489"}],"version-history":[{"count":1,"href":"https:\/\/catholiques17.fr\/oleron\/wp-json\/wp\/v2\/posts\/10489\/revisions"}],"predecessor-version":[{"id":10490,"href":"https:\/\/catholiques17.fr\/oleron\/wp-json\/wp\/v2\/posts\/10489\/revisions\/10490"}],"wp:featuredmedia":[{"embeddable":true,"href":"https:\/\/catholiques17.fr\/oleron\/wp-json\/wp\/v2\/media\/9473"}],"wp:attachment":[{"href":"https:\/\/catholiques17.fr\/oleron\/wp-json\/wp\/v2\/media?parent=10489"}],"wp:term":[{"taxonomy":"category","embeddable":true,"href":"https:\/\/catholiques17.fr\/oleron\/wp-json\/wp\/v2\/categories?post=10489"},{"taxonomy":"post_tag","embeddable":true,"href":"https:\/\/catholiques17.fr\/oleron\/wp-json\/wp\/v2\/tags?post=10489"}],"curies":[{"name":"wp","href":"https:\/\/api.w.org\/{rel}","templated":true}]}}