{"id":10485,"date":"2025-04-12T10:32:10","date_gmt":"2025-04-12T08:32:10","guid":{"rendered":"https:\/\/catholiques17.fr\/oleron\/?p=10485"},"modified":"2025-04-17T11:38:14","modified_gmt":"2025-04-17T09:38:14","slug":"soiree-ccfd-terre-solidaire-du-10-avril","status":"publish","type":"post","link":"https:\/\/catholiques17.fr\/oleron\/soiree-ccfd-terre-solidaire-du-10-avril\/","title":{"rendered":"Soir\u00e9e CCFD Terre solidaire du 10 avril"},"content":{"rendered":"\n<div style=\"height:39px\" aria-hidden=\"true\" class=\"wp-block-spacer\"><\/div>\n\n\n\n<h3 class=\"wp-block-heading\">Ce jeudi de car\u00eame, nous nous retrouverons \u00e0 19h salle paroissiale de Dolus, pour une soir\u00e9e de pr\u00e9sentation du CCFD Terre solidaire et des actions des partenaires isra\u00e9lo-palestiniens.<\/h3>\n\n\n\n<p><\/p>\n","protected":false},"excerpt":{"rendered":"<p>Ce jeudi de car\u00eame, nous nous retrouverons \u00e0 19h salle paroissiale de Dolus, pour une soir\u00e9e de pr\u00e9sentation du CCFD Terre solidaire et des actions des partenaires isra\u00e9lo-palestiniens.<\/p>\n","protected":false},"author":40,"featured_media":10487,"comment_status":"open","ping_status":"open","sticky":false,"template":"","format":"standard","meta":{"_et_pb_use_builder":"off","_et_pb_old_content":"","_et_gb_content_width":"","footnotes":""},"categories":[6,24],"tags":[],"class_list":["post-10485","post","type-post","status-publish","format-standard","has-post-thumbnail","hentry","category-actualite","category-annonces"],"_links":{"self":[{"href":"https:\/\/catholiques17.fr\/oleron\/wp-json\/wp\/v2\/posts\/10485","targetHints":{"allow":["GET"]}}],"collection":[{"href":"https:\/\/catholiques17.fr\/oleron\/wp-json\/wp\/v2\/posts"}],"about":[{"href":"https:\/\/catholiques17.fr\/oleron\/wp-json\/wp\/v2\/types\/post"}],"author":[{"embeddable":true,"href":"https:\/\/catholiques17.fr\/oleron\/wp-json\/wp\/v2\/users\/40"}],"replies":[{"embeddable":true,"href":"https:\/\/catholiques17.fr\/oleron\/wp-json\/wp\/v2\/comments?post=10485"}],"version-history":[{"count":1,"href":"https:\/\/catholiques17.fr\/oleron\/wp-json\/wp\/v2\/posts\/10485\/revisions"}],"predecessor-version":[{"id":10488,"href":"https:\/\/catholiques17.fr\/oleron\/wp-json\/wp\/v2\/posts\/10485\/revisions\/10488"}],"wp:featuredmedia":[{"embeddable":true,"href":"https:\/\/catholiques17.fr\/oleron\/wp-json\/wp\/v2\/media\/10487"}],"wp:attachment":[{"href":"https:\/\/catholiques17.fr\/oleron\/wp-json\/wp\/v2\/media?parent=10485"}],"wp:term":[{"taxonomy":"category","embeddable":true,"href":"https:\/\/catholiques17.fr\/oleron\/wp-json\/wp\/v2\/categories?post=10485"},{"taxonomy":"post_tag","embeddable":true,"href":"https:\/\/catholiques17.fr\/oleron\/wp-json\/wp\/v2\/tags?post=10485"}],"curies":[{"name":"wp","href":"https:\/\/api.w.org\/{rel}","templated":true}]}}