{"id":10482,"date":"2025-03-27T10:30:06","date_gmt":"2025-03-27T09:30:06","guid":{"rendered":"https:\/\/catholiques17.fr\/oleron\/?p=10482"},"modified":"2025-03-27T11:16:28","modified_gmt":"2025-03-27T10:16:28","slug":"soiree-haiti-jeudi-27-mars-a-19h","status":"publish","type":"post","link":"https:\/\/catholiques17.fr\/oleron\/soiree-haiti-jeudi-27-mars-a-19h\/","title":{"rendered":"Soir\u00e9e Ha\u00efti jeudi 27 mars \u00e0 19h"},"content":{"rendered":"\n<div style=\"height:40px\" aria-hidden=\"true\" class=\"wp-block-spacer\"><\/div>\n\n\n\n<h3 class=\"wp-block-heading\">Ce jeudi de car\u00e8me, nous nous retrouverons, salle paroissiale de Dolus \u00e0 19h.<\/h3>\n\n\n\n<h3 class=\"wp-block-heading\">Le P\u00e8re Jean-Rony Manoune, qui r\u00e9side \u00e0 St Denis, nous relatera les difficult\u00e9s que traversent son pays.<\/h3>\n\n\n\n<h3 class=\"wp-block-heading\"><\/h3>\n","protected":false},"excerpt":{"rendered":"<p>Ce jeudi de car\u00e8me, nous nous retrouverons, salle paroissiale de Dolus \u00e0 19h. Le P\u00e8re Jean-Rony Manoune, qui r\u00e9side \u00e0 St Denis, nous relatera les difficult\u00e9s que traversent son pays.<\/p>\n","protected":false},"author":40,"featured_media":10491,"comment_status":"open","ping_status":"open","sticky":false,"template":"","format":"standard","meta":{"_et_pb_use_builder":"off","_et_pb_old_content":"","_et_gb_content_width":"","footnotes":""},"categories":[6,24],"tags":[],"class_list":["post-10482","post","type-post","status-publish","format-standard","has-post-thumbnail","hentry","category-actualite","category-annonces"],"_links":{"self":[{"href":"https:\/\/catholiques17.fr\/oleron\/wp-json\/wp\/v2\/posts\/10482","targetHints":{"allow":["GET"]}}],"collection":[{"href":"https:\/\/catholiques17.fr\/oleron\/wp-json\/wp\/v2\/posts"}],"about":[{"href":"https:\/\/catholiques17.fr\/oleron\/wp-json\/wp\/v2\/types\/post"}],"author":[{"embeddable":true,"href":"https:\/\/catholiques17.fr\/oleron\/wp-json\/wp\/v2\/users\/40"}],"replies":[{"embeddable":true,"href":"https:\/\/catholiques17.fr\/oleron\/wp-json\/wp\/v2\/comments?post=10482"}],"version-history":[{"count":2,"href":"https:\/\/catholiques17.fr\/oleron\/wp-json\/wp\/v2\/posts\/10482\/revisions"}],"predecessor-version":[{"id":10484,"href":"https:\/\/catholiques17.fr\/oleron\/wp-json\/wp\/v2\/posts\/10482\/revisions\/10484"}],"wp:featuredmedia":[{"embeddable":true,"href":"https:\/\/catholiques17.fr\/oleron\/wp-json\/wp\/v2\/media\/10491"}],"wp:attachment":[{"href":"https:\/\/catholiques17.fr\/oleron\/wp-json\/wp\/v2\/media?parent=10482"}],"wp:term":[{"taxonomy":"category","embeddable":true,"href":"https:\/\/catholiques17.fr\/oleron\/wp-json\/wp\/v2\/categories?post=10482"},{"taxonomy":"post_tag","embeddable":true,"href":"https:\/\/catholiques17.fr\/oleron\/wp-json\/wp\/v2\/tags?post=10482"}],"curies":[{"name":"wp","href":"https:\/\/api.w.org\/{rel}","templated":true}]}}