{"id":10409,"date":"2025-03-12T08:42:00","date_gmt":"2025-03-12T07:42:00","guid":{"rendered":"https:\/\/catholiques17.fr\/oleron\/?p=10409"},"modified":"2025-03-21T17:03:53","modified_gmt":"2025-03-21T16:03:53","slug":"soyez-misericordieux-comme-votre-pere-est-misericordieux","status":"publish","type":"post","link":"https:\/\/catholiques17.fr\/oleron\/soyez-misericordieux-comme-votre-pere-est-misericordieux\/","title":{"rendered":"Soyez mis\u00e9ricordieux comme votre P\u00e8re est mis\u00e9ricordieux"},"content":{"rendered":"\n<p><strong><em>Hom\u00e9lie du 7e dimanche du Temps ordinaire<\/em><\/strong><\/p>\n\n\n\n<p>Voil\u00e0, Chers fr\u00e8res et soeurs dans la foi, la bonne nouvelle dans l\u2019\u00e9vangile<br>de Luc aujourd\u2019hui, 7\u00e8me dimanche du temps ordinaire. Ce temps, dit<br>ordinaire, nous offre pourtant des textes magnifiques qui retracent les<br>d\u00e9buts de la vie publique de J\u00e9sus. Apr\u00e8s les noces de Cana, J\u00e9sus se<br>rend \u00e0 la synagogue de Bethleem \u00ab cette parole que vous venez<br>d\u2019entendre, c\u2019est aujourd\u2019hui qu\u2019elle s\u2019accomplit \u00bb et la d\u00e9ception de<br>l\u2019accueil de son village qui s\u2019en suit, la p\u00eache miraculeuse et l\u2019appel des<br>1ers disciples, \u00ab laissant tout, ils le suivirent \u00bb, et enfin les b\u00e9atitudes la<br>semaine derni\u00e8re. Nous sommes bien plong\u00e9s dans la d\u00e9couverte de ce<br>messie qui nous surprend par ses paroles et ses actes. Il est l\u00e0 o\u00f9 on ne<br>l\u2019attend pas. Et pourtant, il ne fait que poursuivre le chemin entam\u00e9 d\u00e8s la<br>Gen\u00e8se.<br>Soyez mis\u00e9ricordieux comme votre P\u00e8re est mis\u00e9ricordieux. D\u00e8s la<br>1\u00e8re lecture, le ton est donn\u00e9. David a l\u2019occasion de se venger et de tuer le<br>roi Saul qui a mobilis\u00e9 une arm\u00e9e pour le d\u00e9truire. Et pourtant, il<br>l\u2019\u00e9pargne. Il n\u2019oublie pas que Saul lui veut du mal, mais il pardonne, par<br>crainte du Seigneur. C\u2019est sa foi dans ce Dieu qui a oint le roi Saul qui le<br>fait basculer dans un acte de paix plut\u00f4t qu\u2019un acte de guerre. Je suis<br>toujours \u00e9merveill\u00e9 de voir ces t\u00e9moignages de pardon, d\u2019un p\u00e8re qui<br>pardonne au meurtrier de son enfant, de 2 pays qui d\u00e9cident d\u2019arr\u00eater de<br>se faire la guerre comme la France et l\u2019Allemagne l\u2019ont fait en 1949.<br>Quand je pardonne, je lib\u00e8re l\u2019autre, celui qui m\u2019a fait du mal. Cela<br>n\u2019enl\u00e8ve pas son p\u00e9ch\u00e9, mais cela le remet en route. Comme Saul, qui<br>comprend que David l\u2019a \u00e9pargn\u00e9 et qu\u2019il n\u2019aurait sans doute pas d\u00fb<br>chercher \u00e0 le d\u00e9truire, mais plut\u00f4t \u00e0 essayer de le comprendre et trouver<br>le moyen de vivre ensemble. Combien de conflits auraient pu \u00eatre \u00e9vit\u00e9s,<br>ou ont \u00e9t\u00e9 \u00e9vit\u00e9s, parce que l\u2019une des 2 parties a fait cet effort. Et moi, o\u00f9<br>j\u2019en suis \u00e0 propos du pardon ? Qu\u2019est-ce que m\u2019\u00e9voque l\u2019invitation, la<br>supplication de J\u00e9sus. Ailleurs, il dira \u00ab pardonnez jusqu\u2019\u00e0 77 fois 7 fois \u00bb.<br>Ce th\u00e8me du pardon est r\u00e9current. \u00ab Aimez vos ennemis, faites du bien \u00e0<br>ceux qui vous ha\u00efssent \u00bb. J\u00e9sus nous appelle \u00e0 d\u00e9passer notre instinct<br>animal de violence, de vengeance et de soumission de l\u2019autre. Il nous<br>demande de prendre un pas de recul, de ne pas se pr\u00e9cipiter, de r\u00e9agir<br>avec le coeur et la t\u00eate. Quand la situation se pr\u00e9sente \u00e0 moi, est-ce que<br>je me dis \u00ab qu\u2019est-ce qu\u2019aurait fait J\u00e9sus \u00e0 ma place ? Il aurait tendu la<br>main. Mais que c\u2019est dur parfois. Comme fils, comme mari, comme p\u00e8re,<br>comme ami, combien de fois j\u2019aurais d\u00fb faire cela au lieu de blesser ou de<\/p>\n","protected":false},"excerpt":{"rendered":"<p>Hom\u00e9lie du 7e dimanche du Temps ordinaire Voil\u00e0, Chers fr\u00e8res et soeurs dans la foi, la bonne nouvelle dans l\u2019\u00e9vangilede Luc aujourd\u2019hui, 7\u00e8me dimanche du temps ordinaire. Ce temps, ditordinaire, [&hellip;]<\/p>\n","protected":false},"author":41,"featured_media":0,"comment_status":"open","ping_status":"open","sticky":false,"template":"","format":"standard","meta":{"_et_pb_use_builder":"off","_et_pb_old_content":"","_et_gb_content_width":"","footnotes":""},"categories":[6,19],"tags":[],"class_list":["post-10409","post","type-post","status-publish","format-standard","hentry","category-actualite","category-liturgie"],"_links":{"self":[{"href":"https:\/\/catholiques17.fr\/oleron\/wp-json\/wp\/v2\/posts\/10409","targetHints":{"allow":["GET"]}}],"collection":[{"href":"https:\/\/catholiques17.fr\/oleron\/wp-json\/wp\/v2\/posts"}],"about":[{"href":"https:\/\/catholiques17.fr\/oleron\/wp-json\/wp\/v2\/types\/post"}],"author":[{"embeddable":true,"href":"https:\/\/catholiques17.fr\/oleron\/wp-json\/wp\/v2\/users\/41"}],"replies":[{"embeddable":true,"href":"https:\/\/catholiques17.fr\/oleron\/wp-json\/wp\/v2\/comments?post=10409"}],"version-history":[{"count":1,"href":"https:\/\/catholiques17.fr\/oleron\/wp-json\/wp\/v2\/posts\/10409\/revisions"}],"predecessor-version":[{"id":10410,"href":"https:\/\/catholiques17.fr\/oleron\/wp-json\/wp\/v2\/posts\/10409\/revisions\/10410"}],"wp:attachment":[{"href":"https:\/\/catholiques17.fr\/oleron\/wp-json\/wp\/v2\/media?parent=10409"}],"wp:term":[{"taxonomy":"category","embeddable":true,"href":"https:\/\/catholiques17.fr\/oleron\/wp-json\/wp\/v2\/categories?post=10409"},{"taxonomy":"post_tag","embeddable":true,"href":"https:\/\/catholiques17.fr\/oleron\/wp-json\/wp\/v2\/tags?post=10409"}],"curies":[{"name":"wp","href":"https:\/\/api.w.org\/{rel}","templated":true}]}}