{"id":10368,"date":"2025-02-22T10:18:59","date_gmt":"2025-02-22T09:18:59","guid":{"rendered":"https:\/\/catholiques17.fr\/oleron\/?p=10368"},"modified":"2025-02-22T18:59:22","modified_gmt":"2025-02-22T17:59:22","slug":"annonces-du-21-fevrier-au-2-mars","status":"publish","type":"post","link":"https:\/\/catholiques17.fr\/oleron\/annonces-du-21-fevrier-au-2-mars\/","title":{"rendered":"Annonces du 21 f\u00e9vrier au 2 mars"},"content":{"rendered":"\n<div style=\"height:42px\" aria-hidden=\"true\" class=\"wp-block-spacer\"><\/div>\n\n\n\n<h5 class=\"wp-block-heading\">D&rsquo;importantes perturbations sur le serveur du dioc\u00e8se ont demand\u00e9 un \u00e9norme travail aux membres de l&rsquo;\u00e9quipe de communication du dioc\u00e8se pour r\u00e9tablir le service.                         Nous les remercions vivement.<\/h5>\n\n\n\n<p><\/p>\n\n\n\n<h3 class=\"wp-block-heading alignwide has-text-align-center\"><a href=\"https:\/\/catholiques17.fr\/oleron\/wp-content\/uploads\/sites\/30\/2025\/02\/Annonces-du-22-Fevrier-au-2-Mars-2025.pdf\">Pour t\u00e9l\u00e9charger les annonces, c&rsquo;est ICI<\/a><\/h3>\n\n\n\n<figure class=\"wp-block-image aligncenter size-full\"><a href=\"https:\/\/catholiques17.fr\/oleron\/wp-content\/uploads\/sites\/30\/2025\/02\/Annonces-du-22-Fevrier-au-2-Mars-2025.jpg\"><img decoding=\"async\" src=\"https:\/\/catholiques17.fr\/oleron\/wp-content\/uploads\/sites\/30\/2025\/02\/Annonces-du-22-Fevrier-au-2-Mars-2025.jpg\" alt=\"\" class=\"wp-image-10373\" \/><\/a><\/figure>\n\n\n\n<p><\/p>\n","protected":false},"excerpt":{"rendered":"<p>D&rsquo;importantes perturbations sur le serveur du dioc\u00e8se ont demand\u00e9 un \u00e9norme travail aux membres de l&rsquo;\u00e9quipe de communication du dioc\u00e8se pour r\u00e9tablir le service. Nous les remercions vivement. Pour t\u00e9l\u00e9charger [&hellip;]<\/p>\n","protected":false},"author":40,"featured_media":10352,"comment_status":"open","ping_status":"open","sticky":false,"template":"","format":"standard","meta":{"_et_pb_use_builder":"off","_et_pb_old_content":"","_et_gb_content_width":"","footnotes":""},"categories":[6,24],"tags":[],"class_list":["post-10368","post","type-post","status-publish","format-standard","has-post-thumbnail","hentry","category-actualite","category-annonces"],"_links":{"self":[{"href":"https:\/\/catholiques17.fr\/oleron\/wp-json\/wp\/v2\/posts\/10368","targetHints":{"allow":["GET"]}}],"collection":[{"href":"https:\/\/catholiques17.fr\/oleron\/wp-json\/wp\/v2\/posts"}],"about":[{"href":"https:\/\/catholiques17.fr\/oleron\/wp-json\/wp\/v2\/types\/post"}],"author":[{"embeddable":true,"href":"https:\/\/catholiques17.fr\/oleron\/wp-json\/wp\/v2\/users\/40"}],"replies":[{"embeddable":true,"href":"https:\/\/catholiques17.fr\/oleron\/wp-json\/wp\/v2\/comments?post=10368"}],"version-history":[{"count":9,"href":"https:\/\/catholiques17.fr\/oleron\/wp-json\/wp\/v2\/posts\/10368\/revisions"}],"predecessor-version":[{"id":10399,"href":"https:\/\/catholiques17.fr\/oleron\/wp-json\/wp\/v2\/posts\/10368\/revisions\/10399"}],"wp:featuredmedia":[{"embeddable":true,"href":"https:\/\/catholiques17.fr\/oleron\/wp-json\/wp\/v2\/media\/10352"}],"wp:attachment":[{"href":"https:\/\/catholiques17.fr\/oleron\/wp-json\/wp\/v2\/media?parent=10368"}],"wp:term":[{"taxonomy":"category","embeddable":true,"href":"https:\/\/catholiques17.fr\/oleron\/wp-json\/wp\/v2\/categories?post=10368"},{"taxonomy":"post_tag","embeddable":true,"href":"https:\/\/catholiques17.fr\/oleron\/wp-json\/wp\/v2\/tags?post=10368"}],"curies":[{"name":"wp","href":"https:\/\/api.w.org\/{rel}","templated":true}]}}