{"id":10321,"date":"2025-01-13T16:27:02","date_gmt":"2025-01-13T15:27:02","guid":{"rendered":"https:\/\/catholiques17.fr\/oleron\/?p=10321"},"modified":"2025-01-13T16:31:14","modified_gmt":"2025-01-13T15:31:14","slug":"journal-paroissial","status":"publish","type":"post","link":"https:\/\/catholiques17.fr\/oleron\/journal-paroissial\/","title":{"rendered":"Journal paroissial &#8211; Edito janvier f\u00e9vrier &#8211;"},"content":{"rendered":"\n<div style=\"height:32px\" aria-hidden=\"true\" class=\"wp-block-spacer\"><\/div>\n\n\n\n<h3 class=\"wp-block-heading has-text-align-center\"><a href=\"https:\/\/catholiques17.fr\/oleron\/wp-content\/uploads\/sites\/30\/2025\/01\/Editorial-Journal-paroisse-janv-2025.pdf\">Pour t\u00e9l\u00e9charger l&rsquo;\u00e9dito, c&rsquo;est ICI<\/a><\/h3>\n\n\n\n<h3 class=\"wp-block-heading has-text-align-center\">Po<a href=\"https:\/\/catholiques17.fr\/oleron\/wp-content\/uploads\/sites\/30\/2025\/01\/Abonnement-Journal-paroissial.pdf\">ur t\u00e9l\u00e9charger le bulletin d&rsquo;abonnement, c&rsquo;est ICI<\/a><\/h3>\n\n\n\n<figure class=\"wp-block-image aligncenter size-full\"><img loading=\"lazy\" decoding=\"async\" width=\"568\" height=\"333\" src=\"https:\/\/catholiques17.fr\/oleron\/wp-content\/uploads\/sites\/30\/2025\/01\/Abonnement-Journal-paroissial.jpg\" alt=\"\" class=\"wp-image-10312\" srcset=\"https:\/\/catholiques17.fr\/oleron\/wp-content\/uploads\/sites\/30\/2025\/01\/Abonnement-Journal-paroissial.jpg 568w, https:\/\/catholiques17.fr\/oleron\/wp-content\/uploads\/sites\/30\/2025\/01\/Abonnement-Journal-paroissial-480x281.jpg 480w\" sizes=\"(min-width: 0px) and (max-width: 480px) 480px, (min-width: 481px) 568px, 100vw\" \/><\/figure>\n","protected":false},"excerpt":{"rendered":"<p>Pour t\u00e9l\u00e9charger l&rsquo;\u00e9dito, c&rsquo;est ICI Pour t\u00e9l\u00e9charger le bulletin d&rsquo;abonnement, c&rsquo;est ICI<\/p>\n","protected":false},"author":40,"featured_media":10313,"comment_status":"open","ping_status":"open","sticky":false,"template":"","format":"standard","meta":{"_et_pb_use_builder":"off","_et_pb_old_content":"","_et_gb_content_width":"","footnotes":""},"categories":[6,47],"tags":[],"class_list":["post-10321","post","type-post","status-publish","format-standard","has-post-thumbnail","hentry","category-actualite","category-paroisse"],"_links":{"self":[{"href":"https:\/\/catholiques17.fr\/oleron\/wp-json\/wp\/v2\/posts\/10321","targetHints":{"allow":["GET"]}}],"collection":[{"href":"https:\/\/catholiques17.fr\/oleron\/wp-json\/wp\/v2\/posts"}],"about":[{"href":"https:\/\/catholiques17.fr\/oleron\/wp-json\/wp\/v2\/types\/post"}],"author":[{"embeddable":true,"href":"https:\/\/catholiques17.fr\/oleron\/wp-json\/wp\/v2\/users\/40"}],"replies":[{"embeddable":true,"href":"https:\/\/catholiques17.fr\/oleron\/wp-json\/wp\/v2\/comments?post=10321"}],"version-history":[{"count":5,"href":"https:\/\/catholiques17.fr\/oleron\/wp-json\/wp\/v2\/posts\/10321\/revisions"}],"predecessor-version":[{"id":10327,"href":"https:\/\/catholiques17.fr\/oleron\/wp-json\/wp\/v2\/posts\/10321\/revisions\/10327"}],"wp:featuredmedia":[{"embeddable":true,"href":"https:\/\/catholiques17.fr\/oleron\/wp-json\/wp\/v2\/media\/10313"}],"wp:attachment":[{"href":"https:\/\/catholiques17.fr\/oleron\/wp-json\/wp\/v2\/media?parent=10321"}],"wp:term":[{"taxonomy":"category","embeddable":true,"href":"https:\/\/catholiques17.fr\/oleron\/wp-json\/wp\/v2\/categories?post=10321"},{"taxonomy":"post_tag","embeddable":true,"href":"https:\/\/catholiques17.fr\/oleron\/wp-json\/wp\/v2\/tags?post=10321"}],"curies":[{"name":"wp","href":"https:\/\/api.w.org\/{rel}","templated":true}]}}