{"id":10296,"date":"2025-01-03T11:14:25","date_gmt":"2025-01-03T10:14:25","guid":{"rendered":"https:\/\/catholiques17.fr\/oleron\/?p=10296"},"modified":"2025-01-04T11:15:23","modified_gmt":"2025-01-04T10:15:23","slug":"derniere-reunion-de-lequipe-pastorale","status":"publish","type":"post","link":"https:\/\/catholiques17.fr\/oleron\/derniere-reunion-de-lequipe-pastorale\/","title":{"rendered":"Derni\u00e8re r\u00e9union de l&rsquo;Equipe Pastorale"},"content":{"rendered":"\n<div style=\"height:37px\" aria-hidden=\"true\" class=\"wp-block-spacer\"><\/div>\n\n\n\n<h3 class=\"wp-block-heading has-text-align-center\"><a href=\"https:\/\/catholiques17.fr\/oleron\/wp-content\/uploads\/sites\/30\/2025\/01\/2024-12-17-CR-EP.pdf\">Pour t\u00e9l\u00e9charger le compte rendu du 17 d\u00e9cembre, c&rsquo;est ICI<\/a><\/h3>\n\n\n\n<figure class=\"wp-block-image aligncenter size-full\"><img loading=\"lazy\" decoding=\"async\" width=\"566\" height=\"800\" src=\"https:\/\/catholiques17.fr\/oleron\/wp-content\/uploads\/sites\/30\/2025\/01\/2024-12-17-CR-EP.jpg\" alt=\"\" class=\"wp-image-10297\" srcset=\"https:\/\/catholiques17.fr\/oleron\/wp-content\/uploads\/sites\/30\/2025\/01\/2024-12-17-CR-EP.jpg 566w, https:\/\/catholiques17.fr\/oleron\/wp-content\/uploads\/sites\/30\/2025\/01\/2024-12-17-CR-EP-480x678.jpg 480w\" sizes=\"(min-width: 0px) and (max-width: 480px) 480px, (min-width: 481px) 566px, 100vw\" \/><\/figure>\n","protected":false},"excerpt":{"rendered":"<p>Pour t\u00e9l\u00e9charger le compte rendu du 17 d\u00e9cembre, c&rsquo;est ICI<\/p>\n","protected":false},"author":40,"featured_media":9368,"comment_status":"open","ping_status":"open","sticky":false,"template":"","format":"standard","meta":{"_et_pb_use_builder":"off","_et_pb_old_content":"","_et_gb_content_width":"","footnotes":""},"categories":[6,24,47],"tags":[],"class_list":["post-10296","post","type-post","status-publish","format-standard","has-post-thumbnail","hentry","category-actualite","category-annonces","category-paroisse"],"_links":{"self":[{"href":"https:\/\/catholiques17.fr\/oleron\/wp-json\/wp\/v2\/posts\/10296","targetHints":{"allow":["GET"]}}],"collection":[{"href":"https:\/\/catholiques17.fr\/oleron\/wp-json\/wp\/v2\/posts"}],"about":[{"href":"https:\/\/catholiques17.fr\/oleron\/wp-json\/wp\/v2\/types\/post"}],"author":[{"embeddable":true,"href":"https:\/\/catholiques17.fr\/oleron\/wp-json\/wp\/v2\/users\/40"}],"replies":[{"embeddable":true,"href":"https:\/\/catholiques17.fr\/oleron\/wp-json\/wp\/v2\/comments?post=10296"}],"version-history":[{"count":1,"href":"https:\/\/catholiques17.fr\/oleron\/wp-json\/wp\/v2\/posts\/10296\/revisions"}],"predecessor-version":[{"id":10299,"href":"https:\/\/catholiques17.fr\/oleron\/wp-json\/wp\/v2\/posts\/10296\/revisions\/10299"}],"wp:featuredmedia":[{"embeddable":true,"href":"https:\/\/catholiques17.fr\/oleron\/wp-json\/wp\/v2\/media\/9368"}],"wp:attachment":[{"href":"https:\/\/catholiques17.fr\/oleron\/wp-json\/wp\/v2\/media?parent=10296"}],"wp:term":[{"taxonomy":"category","embeddable":true,"href":"https:\/\/catholiques17.fr\/oleron\/wp-json\/wp\/v2\/categories?post=10296"},{"taxonomy":"post_tag","embeddable":true,"href":"https:\/\/catholiques17.fr\/oleron\/wp-json\/wp\/v2\/tags?post=10296"}],"curies":[{"name":"wp","href":"https:\/\/api.w.org\/{rel}","templated":true}]}}